{"id":66187,"date":"2026-03-30T08:48:38","date_gmt":"2026-03-30T01:48:38","guid":{"rendered":"https:\/\/hbbgroup.net\/tan-lanh-tu-toi-cao-iran-cam-on-iraq-ho-tro-trong-cuoc-xung-dot-voi-my-va-israel\/"},"modified":"2026-03-30T09:06:26","modified_gmt":"2026-03-30T02:06:26","slug":"tan-lanh-tu-toi-cao-iran-cam-on-iraq-ho-tro-trong-cuoc-xung-dot-voi-my-va-israel","status":"publish","type":"post","link":"https:\/\/hbbgroup.net\/zh\/tan-lanh-tu-toi-cao-iran-cam-on-iraq-ho-tro-trong-cuoc-xung-dot-voi-my-va-israel\/","title":{"rendered":"T\u00e2n l\u00e3nh t\u1ee5 t\u1ed1i cao Iran c\u1ea3m \u01a1n Iraq h\u1ed7 tr\u1ee3 trong cu\u1ed9c xung \u0111\u1ed9t v\u1edbi M\u1ef9 v\u00e0 Israel"},"content":{"rendered":"<div id=\"maincontent\">\n<p>Theo h\u00e3ng th\u00f4ng t\u1ea5n Al Jazeera, trong m\u1ed9t th\u00f4ng \u0111i\u1ec7p b\u1eb1ng v\u0103n b\u1ea3n m\u1edbi, \u00f4ng <a href=\"https:\/\/vietnamnet.vn\/mojtaba-khamenei-tu-giao-si-an-minh-tro-thanh-lanh-tu-toi-cao-moi-cua-iran-2495754.html\">Mojtaba Khamenei<\/a> \u0111\u00e3 b\u00e0y t\u1ecf s\u1ef1 c\u1ea3m k\u00edch \u0111\u1ed1i v\u1edbi l\u00e3nh \u0111\u1ea1o t\u00f4n gi\u00e1o v\u00e0 ng\u01b0\u1eddi d\u00e2n Iraq v\u00ec \u201cl\u1eadp tr\u01b0\u1eddng r\u00f5 r\u00e0ng c\u1ee7a h\u1ecd khi ch\u1ed1ng l\u1ea1i h\u00e0nh \u0111\u1ed9ng g\u00e2y h\u1ea5n nh\u1eb1m v\u00e0o Iran c\u0169ng nh\u01b0 s\u1ef1 \u1ee7ng h\u1ed9 d\u00e0nh cho Tehran\u201d.<\/p>\n<figure data-vnnembed=\"true\" data-vnnembedtype=\"image\" data-vnnembedid=\"013E8S\"><picture><source media=\"--large\" data-srcset=\"https:\/\/static-images.vnncdn.net\/vps_images_publish\/000001\/000003\/2026\/3\/30\/iran-1111-70-324.jpg?width=0&amp;s=GxiOdEKdrbHBjqAtW2SNjQ\" \/><img fetchpriority=\"high\" decoding=\"async\" class=\"aligncenter\" src=\"https:\/\/static-images.vnncdn.net\/vps_images_publish\/000001\/000003\/2026\/3\/30\/iran-1111-70-324.jpg?width=260&amp;s=zjsqZHpwKzIxUInYM4jGzQ\" alt=\"iran 1111 70.jpg\" width=\"605\" height=\"402\" data-original=\"https:\/\/static-images.vnncdn.net\/vps_images_publish\/000001\/000003\/2026\/3\/30\/iran-1111-70-324.jpg?width=0&amp;s=GxiOdEKdrbHBjqAtW2SNjQ\" data-srcset=\"https:\/\/static-images.vnncdn.net\/vps_images_publish\/000001\/000003\/2026\/3\/30\/iran-1111-70-324.jpg?width=0&amp;s=GxiOdEKdrbHBjqAtW2SNjQ\" data-thumb-small-src=\"https:\/\/static-images.vnncdn.net\/vps_images_publish\/000001\/000003\/2026\/3\/30\/iran-1111-70-324.jpg?width=260&amp;s=zjsqZHpwKzIxUInYM4jGzQ\" \/><\/picture><figcaption>\u00d4ng Mojtaba Khamenei. \u1ea2nh: WANA<\/figcaption><\/figure>\n<p>L\u00e3nh \u0111\u1ea1o t\u00f4n gi\u00e1o Iraq \u0111\u01b0\u1ee3c \u00f4ng Khamenei nh\u1eafc \u0111\u1ebfn trong th\u00f4ng \u0111i\u1ec7p c\u1ea3m \u01a1n l\u00e0 \u0110\u1ea1i Gi\u00e1o ch\u1ee7 Ali al-Sistani, l\u00e3nh t\u1ee5 tinh th\u1ea7n t\u1ed1i cao c\u1ee7a ng\u01b0\u1eddi H\u1ed3i gi\u00e1o theo d\u00f2ng Shi&#8217;ite t\u1ea1i Iraq.<\/p>\n<p>Theo Al Jazeera, t\u00e2n l\u00e3nh t\u1ee5 t\u1ed1i cao Iran cho \u0111\u1ebfn nay ch\u01b0a xu\u1ea5t hi\u1ec7n c\u00f4ng khai m\u00e0 ch\u1ec9 \u0111\u01b0a ra c\u00e1c tuy\u00ean b\u1ed1 b\u1eb1ng v\u0103n b\u1ea3n. Ch\u00ednh \u0111i\u1ec1u n\u00e0y l\u00e0m d\u1ea5y l\u00ean c\u00e1c \u0111\u1ed3n \u0111o\u00e1n v\u1ec1 t\u00ecnh tr\u1ea1ng s\u1ee9c kh\u1ecfe v\u00e0 n\u01a1i \u1edf c\u1ee7a \u00f4ng.<\/p>\n<p>Tuy nhi\u00ean, c\u00e1c k\u00eanh truy\u1ec1n th\u00f4ng nh\u00e0 n\u01b0\u1edbc v\u00e0 m\u1ed9t s\u1ed1 quan ch\u1ee9c Iran ti\u1ebft l\u1ed9 \u00f4ng Khamenei \u0111ang trong giai \u0111o\u1ea1n h\u1ed3i ph\u1ee5c <a href=\"https:\/\/vietnamnet.vn\/iran-xac-nhan-lanh-tu-toi-cao-moi-bi-thuong-cao-buoc-my-muon-chiem-doat-dau-mo-2495946.html\">sau khi b\u1ecb th\u01b0\u01a1ng<\/a> trong m\u1ed9t cu\u1ed9c kh\u00f4ng k\u00edch.<\/p>\n<div id=\"vnn-editor-1774829676331\" data-temp=\"template20\">\n<article data-vnnembed=\"true\" data-vnnembedtype=\"article\" data-vnnembedid=\"2498574\"><a title=\"Nh\u00f3m v\u0169 trang th\u00e2n Iran n\u00eau \u0111i\u1ec1u ki\u1ec7n ng\u1eebng t\u1ea5n c\u00f4ng \u0111\u1ea1i s\u1ee9 qu\u00e1n M\u1ef9 \u1edf Iraq\" href=\"http:\/\/vietnamnet.vn\/nhom-vu-trang-than-iran-neu-dieu-kien-ngung-tan-cong-dai-su-quan-my-o-iraq-2498574.html\"><picture><img decoding=\"async\" class=\"aligncenter\" src=\"https:\/\/static-images.vnncdn.net\/vps_images_publish\/000001\/000003\/2026\/3\/19\/nhom-vu-trang-than-iran-neu-dieu-kien-ngung-tan-cong-dai-su-quan-my-o-iraq-724.jpg?width=260&amp;s=uUiZ4JrRQ71e7IHHAGh7-g\" alt=\"Nh\u00f3m v\u0169 trang th\u00e2n Iran n\u00eau \u0111i\u1ec1u ki\u1ec7n ng\u1eebng t\u1ea5n c\u00f4ng \u0111\u1ea1i s\u1ee9 qu\u00e1n M\u1ef9 \u1edf Iraq\" width=\"642\" height=\"427\" data-original=\"https:\/\/static-images.vnncdn.net\/vps_images_publish\/000001\/000003\/2026\/3\/19\/nhom-vu-trang-than-iran-neu-dieu-kien-ngung-tan-cong-dai-su-quan-my-o-iraq-724.jpg?width=0&amp;s=tClxVRGQFr4EADG2ope79w\" data-srcset=\"https:\/\/static-images.vnncdn.net\/vps_images_publish\/000001\/000003\/2026\/3\/19\/nhom-vu-trang-than-iran-neu-dieu-kien-ngung-tan-cong-dai-su-quan-my-o-iraq-724.jpg?width=260&amp;s=uUiZ4JrRQ71e7IHHAGh7-g\" \/><\/picture><\/a><\/p>\n<div>\n<p>Nh\u00f3m v\u0169 trang Kataib Hezbollah \u0111\u01b0\u1ee3c Iran h\u1eadu thu\u1eabn \u0111\u00e3 c\u00f4ng b\u1ed1 m\u1ed9t s\u1ed1 \u0111i\u1ec1u ki\u1ec7n nh\u1ea5t \u0111\u1ecbnh v\u1edbi M\u1ef9 v\u00e0 Israel \u0111\u1ec3 \u0111\u1ed5i l\u1ea5y vi\u1ec7c ng\u1eebng t\u1ea5n c\u00f4ng \u0111\u1ea1i s\u1ee9 qu\u00e1n M\u1ef9 \u1edf th\u1ee7 \u0111\u00f4 Baghdad c\u1ee7a Iraq trong 5 ng\u00e0y.<\/p>\n<\/div>\n<article data-vnnembed=\"true\" data-vnnembedtype=\"article\" data-vnnembedid=\"2497920\"><a title=\"Gi\u00e2y ph\u00fat ph\u00e1o ph\u00f2ng kh\u00f4ng b\u00ean trong \u0111\u1ea1i s\u1ee9 qu\u00e1n M\u1ef9 \u1edf Iraq b\u1eafn ch\u1eb7n UAV\" href=\"http:\/\/vietnamnet.vn\/giay-phut-phao-phong-khong-ben-trong-dai-su-quan-my-o-iraq-ban-chan-uav-2497920.html\"><picture><img decoding=\"async\" src=\"data:image\/gif;base64,R0lGODlhAQABAAAAACH5BAEKAAEALAAAAAABAAEAAAICTAEAOw==\" alt=\"Gi\u00e2y ph\u00fat ph\u00e1o ph\u00f2ng kh\u00f4ng b\u00ean trong \u0111\u1ea1i s\u1ee9 qu\u00e1n M\u1ef9 \u1edf Iraq b\u1eafn ch\u1eb7n UAV\" data-original=\"https:\/\/static-images.vnncdn.net\/vps_images_publish\/000001\/000003\/2026\/3\/17\/giay-phut-phao-phong-khong-ben-trong-dai-su-quan-my-o-iraq-ban-chan-uav-676.gif?width=0&amp;s=F7RL7EH28oGGAsr_rP3rSQ\" data-srcset=\"https:\/\/static-images.vnncdn.net\/vps_images_publish\/000001\/000003\/2026\/3\/17\/giay-phut-phao-phong-khong-ben-trong-dai-su-quan-my-o-iraq-ban-chan-uav-676.gif?width=260&amp;s=ZukBS0w3UC4Rsy9u7EK4qw\" \/><\/picture><\/a><\/p>\n<div>\n<p>V\u00f9ng Xanh, n\u01a1i \u0111\u1eb7t \u0111\u1ea1i s\u1ee9 qu\u00e1n c\u1ee7a M\u1ef9 v\u00e0 nhi\u1ec1u qu\u1ed1c gia kh\u00e1c \u1edf th\u1ee7 \u0111\u00f4 Baghdad c\u1ee7a Iraq ti\u1ebfp t\u1ee5c tr\u1edf th\u00e0nh m\u1ee5c ti\u00eau t\u1ea5n c\u00f4ng c\u1ee7a m\u00e1y bay kh\u00f4ng ng\u01b0\u1eddi l\u00e1i (UAV) v\u00e0o r\u1ea1ng s\u00e1ng 17\/3.<\/p>\n<\/div>\n<article data-vnnembed=\"true\" data-vnnembedtype=\"article\" data-vnnembedid=\"2497294\"><a title=\"H\u00ecnh \u1ea3nh kh\u00f3i \u0111en b\u1ed1c l\u00ean t\u1eeb \u0111\u1ea1i s\u1ee9 qu\u00e1n M\u1ef9 \u1edf Iraq\" href=\"http:\/\/vietnamnet.vn\/hinh-anh-khoi-den-boc-len-tu-dai-su-quan-my-o-iraq-2497294.html\"><picture><img decoding=\"async\" class=\"aligncenter\" src=\"https:\/\/static-images.vnncdn.net\/vps_images_publish\/000001\/000003\/2026\/3\/14\/hinh-anh-khoi-den-boc-len-tu-dai-su-quan-my-o-iraq-856.jpg?width=260&amp;s=RWQ5pZWStIJU52tYy1GujA\" alt=\"H\u00ecnh \u1ea3nh kh\u00f3i \u0111en b\u1ed1c l\u00ean t\u1eeb \u0111\u1ea1i s\u1ee9 qu\u00e1n M\u1ef9 \u1edf Iraq\" width=\"648\" height=\"431\" data-original=\"https:\/\/static-images.vnncdn.net\/vps_images_publish\/000001\/000003\/2026\/3\/14\/hinh-anh-khoi-den-boc-len-tu-dai-su-quan-my-o-iraq-856.jpg?width=0&amp;s=uyEDzjxN0WIi8p0uVU-5dA\" data-srcset=\"https:\/\/static-images.vnncdn.net\/vps_images_publish\/000001\/000003\/2026\/3\/14\/hinh-anh-khoi-den-boc-len-tu-dai-su-quan-my-o-iraq-856.jpg?width=260&amp;s=RWQ5pZWStIJU52tYy1GujA\" \/><\/picture><\/a><\/p>\n<div>\n<p>Truy\u1ec1n th\u00f4ng Qatar ng\u00e0y 14\/3 \u0111\u00e3 c\u00f4ng b\u1ed1 \u0111o\u1ea1n video ghi l\u1ea1i h\u00ecnh \u1ea3nh m\u1ed9t \u0111\u00e1m kh\u00f3i \u0111en l\u1edbn b\u1ed1c l\u00ean t\u1eeb khu v\u1ef1c \u0111\u1ea1i s\u1ee9 qu\u00e1n M\u1ef9 \u1edf Iraq.<\/p>\n<\/div>\n<\/article>\n<\/article>\n<\/article>\n<\/div>\n<\/div>","protected":false},"excerpt":{"rendered":"<p>Theo h\u00e3ng th\u00f4ng t\u1ea5n Al Jazeera, trong m\u1ed9t th\u00f4ng \u0111i\u1ec7p b\u1eb1ng v\u0103n b\u1ea3n m\u1edbi, \u00f4ng Mojtaba Khamenei \u0111\u00e3 b\u00e0y t\u1ecf [&hellip;]<\/p>","protected":false},"author":5,"featured_media":66188,"comment_status":"open","ping_status":"open","sticky":false,"template":"","format":"standard","meta":{"_acf_changed":false,"footnotes":""},"categories":[95],"tags":[],"class_list":["post-66187","post","type-post","status-publish","format-standard","has-post-thumbnail","hentry","category-tin-tuc-the-gioi-vi"],"acf":[],"_links":{"self":[{"href":"https:\/\/hbbgroup.net\/zh\/wp-json\/wp\/v2\/posts\/66187","targetHints":{"allow":["GET"]}}],"collection":[{"href":"https:\/\/hbbgroup.net\/zh\/wp-json\/wp\/v2\/posts"}],"about":[{"href":"https:\/\/hbbgroup.net\/zh\/wp-json\/wp\/v2\/types\/post"}],"author":[{"embeddable":true,"href":"https:\/\/hbbgroup.net\/zh\/wp-json\/wp\/v2\/users\/5"}],"replies":[{"embeddable":true,"href":"https:\/\/hbbgroup.net\/zh\/wp-json\/wp\/v2\/comments?post=66187"}],"version-history":[{"count":1,"href":"https:\/\/hbbgroup.net\/zh\/wp-json\/wp\/v2\/posts\/66187\/revisions"}],"predecessor-version":[{"id":66354,"href":"https:\/\/hbbgroup.net\/zh\/wp-json\/wp\/v2\/posts\/66187\/revisions\/66354"}],"wp:featuredmedia":[{"embeddable":true,"href":"https:\/\/hbbgroup.net\/zh\/wp-json\/wp\/v2\/media\/66188"}],"wp:attachment":[{"href":"https:\/\/hbbgroup.net\/zh\/wp-json\/wp\/v2\/media?parent=66187"}],"wp:term":[{"taxonomy":"category","embeddable":true,"href":"https:\/\/hbbgroup.net\/zh\/wp-json\/wp\/v2\/categories?post=66187"},{"taxonomy":"post_tag","embeddable":true,"href":"https:\/\/hbbgroup.net\/zh\/wp-json\/wp\/v2\/tags?post=66187"}],"curies":[{"name":"wp","href":"https:\/\/api.w.org\/{rel}","templated":true}]}}