{"id":65349,"date":"2026-03-26T08:56:39","date_gmt":"2026-03-26T01:56:39","guid":{"rendered":"https:\/\/hbbgroup.net\/brazil-ra-mat-chien-dau-co-siu-thanh-san-xuat-trong-nuoc-dau-tin\/"},"modified":"2026-03-26T08:56:39","modified_gmt":"2026-03-26T01:56:39","slug":"brazil-ra-mat-chien-dau-co-siu-thanh-san-xuat-trong-nuoc-dau-tin","status":"publish","type":"post","link":"https:\/\/hbbgroup.net\/zh\/brazil-ra-mat-chien-dau-co-siu-thanh-san-xuat-trong-nuoc-dau-tin\/","title":{"rendered":"Brazil ra m\u1eaft chi\u1ebfn \u0111\u1ea5u c\u01a1 si&ecirc;u thanh s\u1ea3n xu\u1ea5t trong n\u01b0\u1edbc \u0111\u1ea7u ti&ecirc;n"},"content":{"rendered":"<div data-role=\"content\" itemprop=\"articleBody\" data-io-article-url=\"https:\/\/thanhnien.vn\/brazil-ra-mat-chien-dau-co-sieu-thanh-san-xuat-trong-nuoc-dau-tien-185260326080546213.htm\">\n<figure type=\"Photo\">\n<p><img loading=\"lazy\" decoding=\"async\" data-author id =\"img_213816373118263296\" w=\"2560\" h=\"1707\" alt=\"Brazil ra m\u1eaft chi\u1ebfn \u0111\u1ea5u c\u01a1 si\u00eau thanh n\u1ed9i \u0111\u1ecba \u0111\u1ea7u ti\u00ean - \u1ea2nh 1.\" title rel =\"lightbox\" photoid=\"213816373118263296\" src=\"https:\/\/images2.thanhnien.vn\/528068263637045248\/2026\/3\/26\/afp20260325a4nr4v3v1highresbrazildefenceaviation-17744867853921783351888.jpg\" type=\"photo\" width=\"2560\" height=\"1707\" ><\/p><figcaption>\n<p data-placeholder=\"Nh\u1eadp ch\u00fa th\u00edch \u1ea3nh\">15 chi\u1ebfc chi\u1ebfn \u0111\u1ea5u c\u01a1 F-39E Gripen s\u1ebd \u0111\u01b0\u1ee3c s\u1ea3n xu\u1ea5t t\u1ea1i Brazil<\/p>\n<\/figcaption><p data-placeholder=\"Nh\u1eadp t\u00e1c gi\u1ea3\" class>\u1ea2NH: AFP<\/p>\n<\/figure>\n<p><a href=\"https:\/\/thanhnien.vn\/brazil.html\" target=\"_blank\" title=\"Brazil\">Brazil<\/a> h\u00f4m 25.3 ra m\u1eaft chi\u1ebfc m\u00e1y bay chi\u1ebfn \u0111\u1ea5u si\u00eau thanh \u0111\u1ea7u ti\u00ean \u0111\u01b0\u1ee3c s\u1ea3n xu\u1ea5t trong n\u01b0\u1edbc, gia nh\u1eadp nh\u00f3m nh\u1ecf c\u00e1c qu\u1ed1c gia c\u00f3 kh\u1ea3 n\u0103ng ch\u1ebf t\u1ea1o lo\u1ea1i m\u00e1y bay ti\u00ean ti\u1ebfn n\u00e0y.<\/p>\n<p>T\u1ed5ng th\u1ed1ng Luiz Inacio Lula da Silva \u0111\u00e3 l\u00e0m l\u1ec5 ra m\u1eaft chi\u1ebfn \u0111\u1ea5u c\u01a1 F-39E Gripen c\u1ee7a T\u1eadp \u0111o\u00e0n <a href=\"https:\/\/thanhnien.vn\/saab.html\" target=\"_blank\" title=\"SAAB\">Saab<\/a> (Th\u1ee5y \u0110i\u1ec3n) b\u1eb1ng r\u01b0\u1ee3u s\u00e2m panh trong m\u1ed9t s\u1ef1 ki\u1ec7n trang tr\u1ecdng t\u1ea1i th\u1ecb tr\u1ea5n Gaviao Peixoto (bang Sao Paulo).<\/p>\n<p>Ph\u1ee7 t\u1ed5ng th\u1ed1ng Brazil cho bi\u1ebft vi\u1ec7c ch\u1ebf t\u1ea1o <a href=\"https:\/\/thanhnien.vn\/may-bay-sieu-thanh.html\" target=\"_blank\" title=\"m\u00e1y bay si\u00eau thanh\">m\u00e1y bay si\u00eau thanh<\/a> n\u00e0y l\u00e0 &#8220;ch\u01b0a t\u1eebng c\u00f3 \u1edf ch\u00e2u M\u1ef9 La tinh&#8221;.<\/p>\n<p>&#8220;D\u1ef1 \u00e1n n\u00e0y cho ph\u00e9p ch\u00fang ta c\u1ee7ng c\u1ed1 s\u1ee9c m\u1ea1nh r\u0103n \u0111e b\u1eb1ng c\u00e1ch t\u0103ng c\u01b0\u1eddng kh\u1ea3 n\u0103ng \u0111\u1ea3m b\u1ea3o ch\u1ee7 quy\u1ec1n qu\u1ed1c gia v\u00e0 an ninh khu v\u1ef1c&#8221;, AFP d\u1eabn l\u1eddi B\u1ed9 tr\u01b0\u1edfng Qu\u1ed1c ph\u00f2ng Brazil Jose Mucio ph\u00e1t bi\u1ec3u trong bu\u1ed5i l\u1ec5.<\/p>\n<p>Brazil \u0111\u00e3 \u0111\u1eb7t mua 36 m\u00e1y bay chi\u1ebfn \u0111\u1ea5u si\u00eau thanh t\u1eeb Saab, trong \u0111\u00f3 15 chi\u1ebfc s\u1ebd \u0111\u01b0\u1ee3c s\u1ea3n xu\u1ea5t t\u1ea1i c\u00e1c c\u01a1 s\u1edf c\u1ee7a h\u00e3ng Embraer \u1edf Gaviao Peixoto.<\/p>\n<figure type=\"Photo\">\n<p><img loading=\"lazy\" decoding=\"async\" data-author id =\"img_213816373204746240\" w=\"2560\" h=\"1707\" alt=\"Brazil ra m\u1eaft chi\u1ebfn \u0111\u1ea5u c\u01a1 si\u00eau thanh n\u1ed9i \u0111\u1ecba \u0111\u1ea7u ti\u00ean - \u1ea2nh 2.\" title rel =\"lightbox\" photoid=\"213816373204746240\" src=\"https:\/\/images2.thanhnien.vn\/528068263637045248\/2026\/3\/26\/afp20260325a4nm6rnv1highresbrazildefenceaviation-1774486785359877783089.jpg\" type=\"photo\" width=\"2560\" height=\"1707\" ><\/p><figcaption>\n<p data-placeholder=\"Nh\u1eadp ch\u00fa th\u00edch \u1ea3nh\" class>T\u1ed5ng th\u1ed1ng Brazil ti\u1ebfn h\u00e0nh nghi th\u1ee9c r\u00f3t r\u01b0\u1ee3u s\u00e2m panh l\u00ean chi\u1ebfc m\u00e1y bay<\/p>\n<\/figcaption><p data-placeholder=\"Nh\u1eadp t\u00e1c gi\u1ea3\" class>\u1ea2NH: AFP<\/p>\n<\/figure>\n<p>Brazil \u0111\u00e3 ch\u1ecdn m\u00e1y bay c\u1ee7a Th\u1ee5y \u0110i\u1ec3n thay v\u00ec Rafale c\u1ee7a Dassault Aviation (Ph\u00e1p) v\u00e0 F\/A-18 Super Hornet c\u1ee7a Boeing (M\u1ef9).<\/p>\n<p>Brazil \u0111\u00e3 nh\u1ea5n m\u1ea1nh t\u1ea7m quan tr\u1ecdng c\u1ee7a vi\u1ec7c t\u0103ng c\u01b0\u1eddng n\u0103ng l\u1ef1c qu\u1ed1c ph\u00f2ng trong b\u1ed1i c\u1ea3nh \u0111\u1ecba ch\u00ednh tr\u1ecb \u0111\u1ea7y bi\u1ebfn \u0111\u1ed9ng.<\/p>\n<p>T\u1ed5ng th\u1ed1ng Lula \u0111\u00e3 ch\u1ec9 tr\u00edch cu\u1ed9c chi\u1ebfn ch\u1ed1ng Iran do M\u1ef9 v\u00e0 Israel ph\u00e1t \u0111\u1ed9ng.<\/p>\n<p>\u00d4ng c\u0169ng l\u00ean \u00e1n c\u00e1c h\u00e0nh \u0111\u1ed9ng c\u1ee7a Washington \u1edf ch\u00e2u M\u1ef9 La tinh, n\u00f3i r\u1eb1ng cu\u1ed9c t\u1ea5n c\u00f4ng c\u1ee7a M\u1ef9 v\u00e0o Venezuela nh\u1eb1m l\u1eadt \u0111\u1ed5 \u00f4ng Nicolas Maduro \u0111\u00e3 v\u01b0\u1ee3t qua &#8220;gi\u1edbi h\u1ea1n kh\u00f4ng th\u1ec3 ch\u1ea5p nh\u1eadn \u0111\u01b0\u1ee3c&#8221;.<\/p>\n<p>Trong chuy\u1ebfn th\u0103m ch\u00ednh th\u1ee9c c\u1ee7a T\u1ed5ng th\u1ed1ng Nam Phi Cyril Ramaphosa h\u00f4m 9.3, \u00f4ng Lula \u0111\u00e3 c\u1ea3nh b\u00e1o c\u1ea3 hai qu\u1ed1c gia \u0111\u1ec1u c\u00f3 nguy c\u01a1 b\u1ecb n\u01b0\u1edbc ngo\u00e0i t\u1ea5n c\u00f4ng.<\/p>\n<div type=\"VideoStream\" embed-type=\"4\" data-width=\"600px\" data-height=\"400px\" data-vid=\"thanhnien.mediacdn.vn\/325084952045817856\/2026\/3\/10\/tong-thong-brazil-canh-bao-nam-phi-ve-nguy-co-bi-xam-luoc-17731337330542038968615.mp4\" data-info=\"c6e81026fd902c9e69eaeaf940802fcf\" data-autoplay=\"false\" data-removedlogo=\"false\" data-location data-displaymode=\"0\" data-thumb=\"https:\/\/thanhnien.mediacdn.vn\/325084952045817856\/2026\/3\/10\/base64-1773134701862443468059.jpeg\" data-contentid data-namespace=\"thanhnien\" data-originalid videoid=\"210978823295467520\">\n<p class data-placeholder=\"nh\u1eadp ch\u00fa th\u00edch\">Brazil m\u1eddi g\u1ecdi Nam Phi h\u1ee3p t\u00e1c qu\u1ed1c ph\u00f2ng \u0111\u1ec3 ch\u1ed1ng nguy c\u01a1 b\u1ecb x\u00e2m l\u01b0\u1ee3c<\/p>\n<\/div><\/div>","protected":false},"excerpt":{"rendered":"<p>15 chi\u1ebfc chi\u1ebfn \u0111\u1ea5u c\u01a1 F-39E Gripen s\u1ebd \u0111\u01b0\u1ee3c s\u1ea3n xu\u1ea5t t\u1ea1i Brazil \u1ea2NH: AFP Brazil h\u00f4m 25.3 ra m\u1eaft [&hellip;]<\/p>","protected":false},"author":5,"featured_media":65350,"comment_status":"open","ping_status":"open","sticky":false,"template":"","format":"standard","meta":{"_acf_changed":false,"footnotes":""},"categories":[95],"tags":[],"class_list":["post-65349","post","type-post","status-publish","format-standard","has-post-thumbnail","hentry","category-tin-tuc-the-gioi-vi"],"acf":[],"_links":{"self":[{"href":"https:\/\/hbbgroup.net\/zh\/wp-json\/wp\/v2\/posts\/65349","targetHints":{"allow":["GET"]}}],"collection":[{"href":"https:\/\/hbbgroup.net\/zh\/wp-json\/wp\/v2\/posts"}],"about":[{"href":"https:\/\/hbbgroup.net\/zh\/wp-json\/wp\/v2\/types\/post"}],"author":[{"embeddable":true,"href":"https:\/\/hbbgroup.net\/zh\/wp-json\/wp\/v2\/users\/5"}],"replies":[{"embeddable":true,"href":"https:\/\/hbbgroup.net\/zh\/wp-json\/wp\/v2\/comments?post=65349"}],"version-history":[{"count":0,"href":"https:\/\/hbbgroup.net\/zh\/wp-json\/wp\/v2\/posts\/65349\/revisions"}],"wp:featuredmedia":[{"embeddable":true,"href":"https:\/\/hbbgroup.net\/zh\/wp-json\/wp\/v2\/media\/65350"}],"wp:attachment":[{"href":"https:\/\/hbbgroup.net\/zh\/wp-json\/wp\/v2\/media?parent=65349"}],"wp:term":[{"taxonomy":"category","embeddable":true,"href":"https:\/\/hbbgroup.net\/zh\/wp-json\/wp\/v2\/categories?post=65349"},{"taxonomy":"post_tag","embeddable":true,"href":"https:\/\/hbbgroup.net\/zh\/wp-json\/wp\/v2\/tags?post=65349"}],"curies":[{"name":"wp","href":"https:\/\/api.w.org\/{rel}","templated":true}]}}