{"id":51269,"date":"2025-10-10T10:02:15","date_gmt":"2025-10-10T03:02:15","guid":{"rendered":"https:\/\/hbbgroup.net\/con-bi-lng-gieng-cua-an-do-v-taliban\/"},"modified":"2025-10-10T10:02:15","modified_gmt":"2025-10-10T03:02:15","slug":"con-bi-lng-gieng-cua-an-do-v-taliban","status":"publish","type":"post","link":"https:\/\/hbbgroup.net\/zh\/con-bi-lng-gieng-cua-an-do-v-taliban\/","title":{"rendered":"Con b&agrave;i l&aacute;ng gi\u1ec1ng c\u1ee7a \u1ea4n \u0110\u1ed9 v&agrave; Taliban"},"content":{"rendered":"<div data-role=\"content\" itemprop=\"articleBody\" data-io-article-url=\"https:\/\/thanhnien.vn\/con-bai-lang-gieng-cua-an-do-va-taliban-185251009211901701.htm\">\n<p>Cho t\u1edbi nay, \u1ea4n \u0110\u1ed9 ch\u01b0a ch\u00ednh th\u1ee9c c\u00f4ng nh\u1eadn ch\u00ednh th\u1ec3 Taliban \u1edf Afghanistan m\u00e0 th\u1ef1c thi ch\u00ednh s\u00e1ch v\u1eeba t\u0103ng c\u01b0\u1eddng h\u1ed7 tr\u1ee3 v\u00e0 c\u1ee9u tr\u1ee3 nh\u00e2n \u0111\u1ea1o cho ng\u01b0\u1eddi d\u00e2n \u1edf Afghanistan v\u1eeba duy tr\u00ec m\u1ee9c \u0111\u1ed9 h\u1ea1n ch\u1ebf quan h\u1ec7 ti\u1ebfp x\u00fac v\u00e0 h\u1ee3p t\u00e1c v\u1edbi Taliban. Vi\u1ec7c \u0111\u00f3n ti\u1ebfp b\u1ed9 tr\u01b0\u1edfng ngo\u1ea1i giao c\u1ee7a ch\u00ednh th\u1ec3 Taliban b\u00e1o hi\u1ec7u s\u1ef1 m\u1edf \u0111\u1ea7u c\u1ee7a th\u1eddi k\u1ef3 quan h\u1ec7 m\u1edbi gi\u1eefa hai l\u00e1ng gi\u1ec1ng n\u00e0y.<\/p>\n<figure type=\"Photo\">\n<p><img loading=\"lazy\" decoding=\"async\" data-author id =\"img_183488054654828544\" w=\"2560\" h=\"1707\" alt=\"Con b\u00e0i l\u00e1ng gi\u1ec1ng c\u1ee7a \u1ea4n \u0110\u1ed9 v\u00e0 Taliban - \u1ea2nh 1.\" title rel =\"lightbox\" photoid=\"183488054654828544\" src=\"https:\/\/images2.thanhnien.vn\/528068263637045248\/2025\/10\/9\/2025-10-08t143257z1779013933rc2235a3va6jrtrmadp3india-afghanistan-17600251182741017701909.jpg\" type=\"photo\" width=\"2560\" height=\"1707\" ><\/p><figcaption>\n<p data-placeholder=\"Nh\u1eadp ch\u00fa th\u00edch \u1ea3nh\">Ng\u01b0\u1eddi \u0111\u1ee9ng \u0111\u1ea7u c\u01a1 quan ngo\u1ea1i giao c\u1ee7a ch\u00ednh th\u1ec3 Taliban \u1edf Afghanistan Amir Khan Muttaqi<\/p>\n<\/figcaption><p data-placeholder=\"Nh\u1eadp t\u00e1c gi\u1ea3\" class>\u1ea2nh: reuters<\/p>\n<\/figure>\n<p>\u0110\u1ed1i v\u1edbi Taliban, s\u1ef1 chuy\u1ec3n h\u01b0\u1edbng ch\u00ednh s\u00e1ch c\u1ee7a \u1ea4n \u0110\u1ed9 l\u00e0 th\u00e0nh qu\u1ea3 \u0111\u1ed1i ngo\u1ea1i c\u00f3 \u00fd ngh\u0129a r\u1ea5t quan tr\u1ecdng b\u1edfi Taliban \u0111ang n\u1ed7 l\u1ef1c t\u00ecm ki\u1ebfm s\u1ef1 c\u00f4ng nh\u1eadn ngo\u1ea1i giao ch\u00ednh th\u1ee9c v\u00e0 g\u00e2y d\u1ef1ng quan h\u1ec7 h\u1ee3p t\u00e1c v\u1edbi c\u00e1c \u0111\u1ed1i t\u00e1c tr\u00ean th\u1ebf gi\u1edbi. Ch\u1ee7 tr\u01b0\u01a1ng c\u1ee7a<a href=\"https:\/\/thanhnien.vn\/ong-trump-doi-can-cu-taliban-noi-khong-the-185250924113800515.htm\" title=\" Taliban\" data-rel=\"follow\"> Taliban<\/a> l\u00e0 c\u00e2n b\u1eb1ng quan h\u1ec7 v\u1edbi c\u00e1c \u0111\u1ed1i t\u00e1c l\u1edbn v\u00e0 c\u00e1c n\u01b0\u1edbc l\u00e1ng gi\u1ec1ng. V\u00ec th\u1ebf, \u1ea4n \u0110\u1ed9 chi\u1ebfm v\u1ecb tr\u00ed r\u1ea5t quy\u1ebft \u0111\u1ecbnh trong \u0111\u1ecbnh h\u01b0\u1edbng chi\u1ebfn l\u01b0\u1ee3c \u0111\u1ed1i ngo\u1ea1i cho Taliban \u1edf Afghanistan.<\/p>\n<p>\u0110\u1ed1i v\u1edbi \u1ea4n \u0110\u1ed9, Afghanistan t\u1eeb x\u01b0a nay lu\u00f4n l\u00e0 \u0111\u1ed1i t\u00e1c r\u1ea5t quan tr\u1ecdng v\u1ec1 \u0111\u1ecba chi\u1ebfn l\u01b0\u1ee3c v\u00e0 an ninh, \u0111\u1eb7c bi\u1ec7t v\u1ec1 ch\u1ed1ng kh\u1ee7ng b\u1ed1 v\u00e0 c\u1ea1nh tranh \u1ea3nh h\u01b0\u1edfng \u1edf khu v\u1ef1c Nam \u00c1. C\u1ea3 Taliban \u1edf Afghanistan v\u00e0 \u1ea4n \u0110\u1ed9 hi\u1ec7n t\u1ea1i \u0111\u1ec1u ch\u01a1i con b\u00e0i l\u00e1ng gi\u1ec1ng. M\u1ed1i quan h\u1ec7 c\u1ee7a c\u1ea3 hai v\u1edbi n\u01b0\u1edbc l\u00e1ng gi\u1ec1ng th\u1ee9 ba l\u00e0 <a href=\"https:\/\/thanhnien.vn\/pakistan-ca-ngoi-hieu-qua-vu-khi-trung-quoc-khi-dung-do-an-do-185251007082543821.htm\" title=\"Pakistan\" data-rel=\"follow\">Pakistan<\/a> \u0111\u1ec1u tr\u1ee5c tr\u1eb7c. \u1ea4n \u0110\u1ed9 tranh th\u1ee7 Taliban \u0111\u1ec3 ph\u00e2n r\u1ebd Taliban v\u1edbi Pakistan c\u00f2n Taliban c\u1ea7n \u1ea4n \u0110\u1ed9 \u0111\u1ec3 t\u0103ng th\u1ebf trong quan h\u1ec7 v\u1edbi Pakistan. \u1ea4n \u0110\u1ed9 chuy\u1ec3n h\u01b0\u1edbng quan h\u1ec7 v\u1edbi Taliban \u0111\u1ec3 kh\u00f4ng ch\u1eadm ch\u00e2n h\u01a1n Trung Qu\u1ed1c v\u00e0 Nga trong quan h\u1ec7 v\u1edbi Taliban v\u00e0 ng\u0103n M\u1ef9 tr\u1edf l\u1ea1i Afghanistan, c\u00f2n Taliban c\u1ea7n \u1ea4n \u0110\u1ed9 \u0111\u1ec3 ch\u01a1i con b\u00e0i \u0111\u1ed1i tr\u1ecdng trong quan h\u1ec7 v\u1edbi c\u00e1c \u0111\u1ed1i t\u00e1c l\u1edbn kh\u00e1c.\u00a0<\/p>\n<\/p><\/div>","protected":false},"excerpt":{"rendered":"<p>Cho t\u1edbi nay, \u1ea4n \u0110\u1ed9 ch\u01b0a ch\u00ednh th\u1ee9c c\u00f4ng nh\u1eadn ch\u00ednh th\u1ec3 Taliban \u1edf Afghanistan m\u00e0 th\u1ef1c thi ch\u00ednh s\u00e1ch [&hellip;]<\/p>","protected":false},"author":5,"featured_media":51270,"comment_status":"open","ping_status":"open","sticky":false,"template":"","format":"standard","meta":{"_acf_changed":false,"footnotes":""},"categories":[95],"tags":[],"class_list":["post-51269","post","type-post","status-publish","format-standard","has-post-thumbnail","hentry","category-tin-tuc-the-gioi-vi"],"acf":[],"_links":{"self":[{"href":"https:\/\/hbbgroup.net\/zh\/wp-json\/wp\/v2\/posts\/51269","targetHints":{"allow":["GET"]}}],"collection":[{"href":"https:\/\/hbbgroup.net\/zh\/wp-json\/wp\/v2\/posts"}],"about":[{"href":"https:\/\/hbbgroup.net\/zh\/wp-json\/wp\/v2\/types\/post"}],"author":[{"embeddable":true,"href":"https:\/\/hbbgroup.net\/zh\/wp-json\/wp\/v2\/users\/5"}],"replies":[{"embeddable":true,"href":"https:\/\/hbbgroup.net\/zh\/wp-json\/wp\/v2\/comments?post=51269"}],"version-history":[{"count":0,"href":"https:\/\/hbbgroup.net\/zh\/wp-json\/wp\/v2\/posts\/51269\/revisions"}],"wp:featuredmedia":[{"embeddable":true,"href":"https:\/\/hbbgroup.net\/zh\/wp-json\/wp\/v2\/media\/51270"}],"wp:attachment":[{"href":"https:\/\/hbbgroup.net\/zh\/wp-json\/wp\/v2\/media?parent=51269"}],"wp:term":[{"taxonomy":"category","embeddable":true,"href":"https:\/\/hbbgroup.net\/zh\/wp-json\/wp\/v2\/categories?post=51269"},{"taxonomy":"post_tag","embeddable":true,"href":"https:\/\/hbbgroup.net\/zh\/wp-json\/wp\/v2\/tags?post=51269"}],"curies":[{"name":"wp","href":"https:\/\/api.w.org\/{rel}","templated":true}]}}