{"id":76139,"date":"2026-04-28T09:00:50","date_gmt":"2026-04-28T02:00:50","guid":{"rendered":"https:\/\/hbbgroup.net\/bo-truong-quoc-phng-bi-m-st-mali-khung-hoang-an-ninh\/"},"modified":"2026-04-28T09:00:50","modified_gmt":"2026-04-28T02:00:50","slug":"bo-truong-quoc-phng-bi-m-st-mali-khung-hoang-an-ninh","status":"publish","type":"post","link":"https:\/\/hbbgroup.net\/vi\/bo-truong-quoc-phng-bi-m-st-mali-khung-hoang-an-ninh\/","title":{"rendered":"B\u1ed9 tr\u01b0\u1edfng Qu\u1ed1c ph&ograve;ng b\u1ecb &aacute;m s&aacute;t, Mali kh\u1ee7ng ho\u1ea3ng an ninh"},"content":{"rendered":"<div data-role=\"content\" itemprop=\"articleBody\" data-io-article-url=\"https:\/\/thanhnien.vn\/bo-truong-quoc-phong-bi-am-sat-mali-khung-hoang-an-ninh-185260427203838309.htm\">\n<p>Ch\u00ednh ph\u1ee7 Mali ra th\u00f4ng c\u00e1o cho hay m\u1ed9t k\u1ebb t\u1ea5n c\u00f4ng t\u1ef1 s\u00e1t l\u00e1i xe h\u01a1i ch\u1ee9a \u0111\u1ea7y ch\u1ea5t n\u1ed5 lao th\u1eb3ng v\u00e0o nh\u00e0 \u00f4ng Camara \u1edf TP.Kati. M\u1ed9t cu\u1ed9c \u0111\u1ea5u s\u00fang \u0111\u00e3 n\u1ed5 ra. \u00d4ng Camara b\u1ecb th\u01b0\u01a1ng n\u1eb7ng v\u00e0 sau \u0111\u00f3 qua \u0111\u1eddi t\u1ea1i b\u1ec7nh vi\u1ec7n, ph\u00e1t ng\u00f4n vi\u00ean ch\u00ednh ph\u1ee7 Mali Issa Ousmane Coulibaly cho bi\u1ebft, \u0111\u1ed3ng th\u1eddi n\u00f3i th\u00eam r\u1eb1ng n\u01b0\u1edbc n\u00e0y s\u1ebd \u0111\u1ec3 tang 2 ng\u00e0y. Gia \u0111\u00ecnh \u00f4ng Camara v\u00e0 m\u1ed9t quan ch\u1ee9c Mali cho hay \u00f4ng c\u00f9ng ng\u01b0\u1eddi v\u1ee3 th\u1ee9 2 v\u00e0 hai \u0111\u1ee9a ch\u00e1u thi\u1ec7t m\u1ea1ng trong v\u1ee5 t\u1ea5n c\u00f4ng. Kati n\u1eb1m c\u00e1ch th\u1ee7 \u0111\u00f4 Bamako kho\u1ea3ng 15 km v\u1ec1 ph\u00eda b\u1eafc v\u00e0 l\u00e0 n\u01a1i \u0111\u1eb7t c\u0103n c\u1ee9 ch\u00ednh c\u1ee7a<a href=\"https:\/\/thanhnien.vn\/quan-doi-mali-cung-linh-danh-thue-nga-giao-tranh-voi-phe-ly-khai-o-mali-185240728073024341.htm\" title=\" qu\u00e2n \u0111\u1ed9i Mali\" data-rel=\"follow\"> qu\u00e2n \u0111\u1ed9i Mali<\/a>.<\/p>\n<div type=\"VideoStream\" embed-type=\"4\" data-width=\"600px\" data-height=\"400px\" data-vid=\"thanhnien.mediacdn.vn\/325084952045817856\/2026\/4\/27\/xe-bom-lao-thang-vao-nha-bo-truong-quoc-phong-mali-1777258155620622441002.mp4\" data-info=\"b6d3ec22e3a7ebaf8a6abdd90f4b8a9a\" data-autoplay=\"false\" data-removedlogo=\"false\" data-location data-displaymode=\"0\" data-thumb=\"https:\/\/thanhnien.mediacdn.vn\/325084952045817856\/2026\/4\/27\/base64-17772581774221929294187.jpeg\" data-contentid data-namespace=\"thanhnien\" data-originalid videoid=\"219628370960101376\">\n<p class data-placeholder=\"nh\u1eadp ch\u00fa th\u00edch\">Phi\u1ebfn qu\u00e2n li\u00ean k\u1ebft Al Qaeda t\u1ea5n c\u00f4ng kh\u1eafp Mali, B\u1ed9 tr\u01b0\u1edfng Qu\u1ed1c ph\u00f2ng thi\u1ec7t m\u1ea1ng<\/p>\n<\/div>\n<p>Nh\u00e1nh c\u1ee7a t\u1ed5 ch\u1ee9c kh\u1ee7ng b\u1ed1 al-Qaeda trong khu v\u1ef1c l\u00e0 Jama&#8217;at Nusrat al-Islam wal-Muslimin (JNIM) \u0111\u00e3 h\u1ee3p t\u00e1c v\u1edbi nh\u00f3m n\u1ed5i d\u1eady FLA do ng\u01b0\u1eddi Tuareg d\u1eabn \u0111\u1ea7u ti\u1ebfn h\u00e0nh t\u1ea5n c\u00f4ng \u0111\u1ed3ng lo\u1ea1t t\u1ea1i nhi\u1ec1u \u0111\u1ecba \u0111i\u1ec3m tr\u00ean kh\u1eafp Mali h\u00f4m 25.4. FLA ch\u1ee7 y\u1ebfu g\u1ed3m c\u00e1c nh\u00f3m ng\u01b0\u1eddi Tuareg mu\u1ed1n gi\u00e0nh \u0111\u1ed9c l\u1eadp cho v\u00f9ng l\u00e3nh th\u1ed5 Azawad \u1edf <a href=\"https:\/\/thanhnien.vn\/luc-luong-wagner-rut-khoi-mali-tro-ve-nga-185250607085249503.htm\" title=\"mi\u1ec1n b\u1eafc Mali.\" data-rel=\"follow\">mi\u1ec1n b\u1eafc Mali.<\/a><\/p>\n<figure type=\"Photo\">\n<p><img loading=\"lazy\" decoding=\"async\" data-author id =\"img_219709757203460096\" w=\"1024\" h=\"683\" alt=\"B\u1ed9 tr\u01b0\u1edfng Qu\u1ed1c ph\u00f2ng b\u1ecb \u00e1m s\u00e1t, Mali kh\u1ee7ng ho\u1ea3ng an ninh - \u1ea2nh 1.\" title rel =\"lightbox\" photoid=\"219709757203460096\" src=\"https:\/\/images2.thanhnien.vn\/528068263637045248\/2026\/4\/27\/tay-sung-17772969750882068115741.jpg\" type=\"photo\" width=\"1024\" height=\"683\"><\/p><figcaption>\n<p data-placeholder=\"Nh\u1eadp ch\u00fa th\u00edch \u1ea3nh\">C\u00e1c tay s\u00fang FLA t\u1eadp trung t\u1ea1i TP.Kidal ng\u00e0y 26.4<\/p>\n<\/figcaption><p data-placeholder=\"Nh\u1eadp t\u00e1c gi\u1ea3\">\u1ea2nh: AFP<\/p>\n<\/figure>\n<p>Ng\u00e0y 26.4, \u00f4ng Coulibaly g\u1eedi l\u1eddi chia bu\u1ed3n v\u1ec1 &#8220;t\u1ea5t c\u1ea3 n\u1ea1n nh\u00e2n d\u00e2n s\u1ef1 v\u00e0 qu\u00e2n s\u1ef1 \u0111\u00e3 thi\u1ec7t m\u1ea1ng&#8221;, nh\u01b0ng kh\u00f4ng \u0111\u01b0a ra con s\u1ed1 c\u1ee5 th\u1ec3. Theo Reuters, ch\u01b0a c\u00f3 ph\u00e1t ng\u00f4n n\u00e0o t\u1eeb T\u1ed5ng th\u1ed1ng Mali Assimi Goita, ng\u01b0\u1eddi ch\u01b0a xu\u1ea5t hi\u1ec7n c\u00f4ng khai k\u1ec3 t\u1eeb khi x\u1ea3y ra c\u00e1c cu\u1ed9c t\u1ea5n c\u00f4ng. \u0110\u1ebfn s\u00e1ng 26.4, xung \u0111\u1ed9t v\u1eabn ti\u1ebfp di\u1ec5n t\u1ea1i m\u1ed9t s\u1ed1 khu v\u1ef1c nh\u01b0 Krati, c\u0169ng nh\u01b0 2 th\u00e0nh ph\u1ed1 Kidal v\u00e0 Gao \u1edf ph\u00eda b\u1eafc v\u00e0 TP.Sevare \u1edf mi\u1ec1n trung Mali. L\u1ef1c l\u01b0\u1ee3ng FLA cho bi\u1ebft h\u1ecd \u0111\u00e3 chi\u1ebfm gi\u1eef c\u00e1c v\u1ecb tr\u00ed \u1edf Gao.<\/p>\n<p>Trong khi \u0111\u00f3, l\u1ef1c l\u01b0\u1ee3ng n\u1ed5i d\u1eady ng\u01b0\u1eddi Tuareg cho bi\u1ebft \u0111\u00e3 \u0111\u1ea1t th\u1ecfa thu\u1eadn \u0111\u1ec3 nh\u00f3m b\u00e1n qu\u00e2n s\u1ef1 vi\u1ec5n chinh Nga, nh\u00f3m \u1ee7ng h\u1ed9 qu\u00e2n \u0111\u1ed9i Mali, r\u00fat kh\u1ecfi TP.Kidal. &#8220;Ch\u00fang t\u00f4i th\u1ea5y m\u1ed9t \u0111o\u00e0n xe qu\u00e2n s\u1ef1 r\u1eddi \u0111i, nh\u01b0ng kh\u00f4ng bi\u1ebft chi ti\u1ebft chuy\u1ec7n g\u00ec \u0111ang x\u1ea3y ra. Nh\u1eefng tay s\u00fang t\u1eeb c\u00e1c phong tr\u00e0o v\u0169 trang hi\u1ec7n \u0111\u00e3 chi\u1ebfm gi\u1eef c\u00e1c \u0111\u01b0\u1eddng ph\u1ed1&#8221;, AFP d\u1eabn l\u1eddi m\u1ed9t c\u01b0 d\u00e2n cho bi\u1ebft. Qu\u00e2n \u0111\u1ed9i Mali \u0111\u00e3 t\u00e1i ki\u1ec3m so\u00e1t Kidal, m\u1ed9t th\u00e0nh tr\u00ec c\u1ee7a ng\u01b0\u1eddi Tuareg, v\u00e0o th\u00e1ng 11.2023 v\u1edbi s\u1ef1 gi\u00fap \u0111\u1ee1 c\u1ee7a nh\u00f3m b\u00e1n <a href=\"https:\/\/thanhnien.vn\/may-bay-quan-su-nga-roi-o-crimea-29-nguoi-chet-185260401065121513.htm\" title=\"qu\u00e2n s\u1ef1 Nga\" data-rel=\"follow\">qu\u00e2n s\u1ef1 Nga<\/a>, ch\u1ea5m d\u1ee9t h\u01a1n m\u1ed9t th\u1eadp ni\u00ean ki\u1ec3m so\u00e1t c\u1ee7a l\u1ef1c l\u01b0\u1ee3ng n\u1ed5i d\u1eady.<\/p>\n<p>Mali b\u1ecb t\u00e0n ph\u00e1 b\u1edfi xung \u0111\u1ed9t trong h\u01a1n m\u1ed9t th\u1eadp ni\u00ean qua, nh\u01b0ng c\u00e1c cu\u1ed9c t\u1ea5n c\u00f4ng h\u00f4m 25.4 l\u00e0 t\u1ed3i t\u1ec7 nh\u1ea5t k\u1ec3 t\u1eeb n\u0103m 2020, khi ch\u00ednh quy\u1ec1n qu\u00e2n s\u1ef1 l\u00ean n\u1eafm quy\u1ec1n. Gi\u1edbi ph\u00e2n t\u00edch cho r\u1eb1ng chi\u1ebfn d\u1ecbch c\u1ee7a c\u00e1c nh\u00f3m n\u1ed5i d\u1eady l\u1ea7n n\u00e0y l\u00e0 m\u1ed9t trong nh\u1eefng cu\u1ed9c t\u1ea5n c\u00f4ng ph\u1ed1i h\u1ee3p c\u00f3 quy m\u00f4 l\u1edbn. LHQ k\u00eau g\u1ecdi qu\u1ed1c t\u1ebf c\u00f3 h\u00e0nh \u0111\u1ed9ng ng\u0103n ch\u1eb7n b\u1ea1o l\u1ef1c v\u00e0 kh\u1ee7ng b\u1ed1 t\u1ea1i khu v\u1ef1c Sahel \u1edf T\u00e2y Phi. &#8220;T\u1ed5ng th\u01b0 k\u00fd v\u00f4 c\u00f9ng quan ng\u1ea1i tr\u01b0\u1edbc th\u00f4ng tin v\u1ec1 nh\u1eefng cu\u1ed9c t\u1ea5n c\u00f4ng \u1edf nhi\u1ec1u \u0111\u1ecba \u0111i\u1ec3m tr\u00ean kh\u1eafp Mali. \u00d4ng l\u00ean \u00e1n m\u1ea1nh m\u1ebd h\u00e0nh vi b\u1ea1o l\u1ef1c n\u00e0y&#8221;, m\u1ed9t ph\u00e1t ng\u00f4n vi\u00ean c\u1ee7a LHQ vi\u1ebft tr\u00ean m\u1ea1ng x\u00e3 h\u1ed9i X.<\/p>\n<\/p><\/div>","protected":false},"excerpt":{"rendered":"<p>Ch\u00ednh ph\u1ee7 Mali ra th\u00f4ng c\u00e1o cho hay m\u1ed9t k\u1ebb t\u1ea5n c\u00f4ng t\u1ef1 s\u00e1t l\u00e1i xe h\u01a1i ch\u1ee9a \u0111\u1ea7y ch\u1ea5t [&hellip;]<\/p>","protected":false},"author":5,"featured_media":76142,"comment_status":"open","ping_status":"open","sticky":false,"template":"","format":"standard","meta":{"_acf_changed":false,"footnotes":""},"categories":[95],"tags":[],"class_list":["post-76139","post","type-post","status-publish","format-standard","has-post-thumbnail","hentry","category-tin-tuc-the-gioi-vi"],"acf":[],"_links":{"self":[{"href":"https:\/\/hbbgroup.net\/vi\/wp-json\/wp\/v2\/posts\/76139","targetHints":{"allow":["GET"]}}],"collection":[{"href":"https:\/\/hbbgroup.net\/vi\/wp-json\/wp\/v2\/posts"}],"about":[{"href":"https:\/\/hbbgroup.net\/vi\/wp-json\/wp\/v2\/types\/post"}],"author":[{"embeddable":true,"href":"https:\/\/hbbgroup.net\/vi\/wp-json\/wp\/v2\/users\/5"}],"replies":[{"embeddable":true,"href":"https:\/\/hbbgroup.net\/vi\/wp-json\/wp\/v2\/comments?post=76139"}],"version-history":[{"count":0,"href":"https:\/\/hbbgroup.net\/vi\/wp-json\/wp\/v2\/posts\/76139\/revisions"}],"wp:featuredmedia":[{"embeddable":true,"href":"https:\/\/hbbgroup.net\/vi\/wp-json\/wp\/v2\/media\/76142"}],"wp:attachment":[{"href":"https:\/\/hbbgroup.net\/vi\/wp-json\/wp\/v2\/media?parent=76139"}],"wp:term":[{"taxonomy":"category","embeddable":true,"href":"https:\/\/hbbgroup.net\/vi\/wp-json\/wp\/v2\/categories?post=76139"},{"taxonomy":"post_tag","embeddable":true,"href":"https:\/\/hbbgroup.net\/vi\/wp-json\/wp\/v2\/tags?post=76139"}],"curies":[{"name":"wp","href":"https:\/\/api.w.org\/{rel}","templated":true}]}}