{
    "id": 74928,
    "date": "2026-04-23T08:49:35",
    "date_gmt": "2026-04-23T01:49:35",
    "guid": {
        "rendered": "https:\/\/hbbgroup.net\/hungary-thi-phu-quyet-eu-cho-ukraine-vay-90-ti-euro\/"
    },
    "modified": "2026-04-23T08:49:35",
    "modified_gmt": "2026-04-23T01:49:35",
    "slug": "hungary-thi-phu-quyet-eu-cho-ukraine-vay-90-ti-euro",
    "status": "publish",
    "type": "post",
    "link": "https:\/\/hbbgroup.net\/en_us\/hungary-thi-phu-quyet-eu-cho-ukraine-vay-90-ti-euro\/",
    "title": {
        "rendered": "Hungary th&ocirc;i ph\u1ee7 quy\u1ebft, EU cho Ukraine vay 90 t\u1ec9 euro"
    },
    "content": {
        "rendered": "<div data-role=\"content\" itemprop=\"articleBody\" data-io-article-url=\"https:\/\/thanhnien.vn\/hungary-thoi-phu-quyet-eu-cho-ukraine-vay-90-ti-euro-185260423073000605.htm\">\n<p>Cyprus, n\u01b0\u1edbc \u0111ang gi\u1eef ch\u1ee9c ch\u1ee7 t\u1ecbch lu\u00e2n phi\u00ean Li\u00ean minh ch\u00e2u \u00c2u (<a href=\"https:\/\/thanhnien.vn\/eu.html\" target=\"_blank\" title=\"eu\">EU<\/a>), ng\u00e0y 22.4 th\u00f4ng b\u00e1o r\u1eb1ng \u0111\u1ea1i s\u1ee9 c\u1ee7a c\u00e1c n\u01b0\u1edbc th\u00e0nh vi\u00ean \u0111\u00e3 \u0111\u1ed3ng \u00fd kh\u1edfi \u0111\u1ed9ng quy tr\u00ecnh \u0111\u1ec3 ch\u00ednh th\u1ee9c th\u00f4ng qua g\u00f3i vay cho <a href=\"https:\/\/thanhnien.vn\/ukraine.html\" target=\"_blank\" title=\"UKRAINE\">Ukraine<\/a> v\u00e0 c\u1ea5m v\u1eadn Nga, theo t\u1edd <i>The Guardian<\/i>. L\u1ec5 k\u00fd quy\u1ebft \u0111\u1ecbnh ch\u00ednh th\u1ee9c d\u1ef1 ki\u1ebfn di\u1ec5n ra v\u00e0o chi\u1ec1u 23.4.<\/p>\n<figure type=\"Photo\">\n<p><img loading=\"lazy\" decoding=\"async\" data-author id =\"img_218885326255517696\" w=\"2560\" h=\"1706\" alt=\"Hungary th\u00f4i ph\u1ee7 quy\u1ebft, EU cho Ukraine vay 90 t\u1ec9 euro - \u1ea2nh 1.\" title rel =\"lightbox\" photoid=\"218885326255517696\" src=\"https:\/\/images2.thanhnien.vn\/528068263637045248\/2026\/4\/23\/wimx3rqha5p6fnjlffakk3epqi-17769038530701058828358.jpg\" type=\"photo\" width=\"2560\" height=\"1706\" ><\/p><figcaption>\n<p data-placeholder=\"Nh\u1eadp ch\u00fa th\u00edch \u1ea3nh\" class>Ch\u1ee7 t\u1ecbch H\u1ed9i \u0111\u1ed3ng ch\u00e2u \u00c2u Antonio Costa, T\u1ed5ng th\u1ed1ng Ukraine Volodymyr Zelensky v\u00e0 Ch\u1ee7 t\u1ecbch \u1ee6y ban ch\u00e2u \u00c2u Ursula von der Leyen tr\u1ea3 l\u1eddi ph\u1ecfng v\u1ea5n b\u00ean l\u1ec1 h\u1ed9i ngh\u1ecb th\u01b0\u1ee3ng \u0111\u1ec9nh \u0111\u1eb7c bi\u1ec7t EU t\u1ea1i Brussels (B\u1ec9) v\u00e0o th\u00e1ng 3.2025<\/p>\n<\/figcaption><p data-placeholder=\"Nh\u1eadp t\u00e1c gi\u1ea3\" class>\u1ea2NH: REUTERS<\/p>\n<\/figure>\n<p>G\u00f3i vay tr\u1ecb gi\u00e1 \u0111\u1ebfn 90 t\u1ec9 euro n\u00e0y th\u1ef1c t\u1ebf \u0111\u00e3 \u0111\u01b0\u1ee3c EU \u0111\u1ed3ng \u00fd v\u00e0o th\u00e1ng 12.2025 nh\u01b0ng Th\u1ee7 t\u01b0\u1edbng <a href=\"https:\/\/thanhnien.vn\/mot-minh-gay-kho-lien-minh-185260322175044962.htm\" target=\"_blank\" title=\"M\u1ed9t m\u00ecnh g\u00e2y kh\u00f3 li\u00ean minh\">Hungary<\/a> Viktor Orban v\u1edbi s\u1ef1 \u1ee7ng h\u1ed9 c\u1ee7a Slovakia \u0111\u00e3 b\u1ea5t ng\u1edd &#8220;quay xe&#8221;, ph\u1ee7 quy\u1ebft t\u1ea1i phi\u00ean h\u1ecdp v\u00e0o th\u00e1ng 3 do m\u00e2u thu\u1eabn v\u1edbi Ukraine v\u1ec1 \u0111\u01b0\u1eddng \u1ed1ng d\u1eabn d\u1ea7u Druzhba.<\/p>\n<p>\u0110\u01b0\u1eddng \u1ed1ng d\u1eabn d\u1ea7u t\u1eeb Nga sang hai n\u01b0\u1edbc ch\u00e2u \u00c2u n\u00e0y, c\u00f3 c\u00f4ng su\u1ea5t 1,2 &#8211; 1,4 tri\u1ec7u th\u00f9ng m\u1ed7i ng\u00e0y, l\u00e0 ngu\u1ed3n cung quan tr\u1ecdng cho Hungary v\u00e0 Slovakia. Ukraine n\u00f3i r\u1eb1ng \u0111\u01b0\u1eddng \u1ed1ng b\u1ecb h\u01b0 h\u1ea1i n\u1eb7ng do chi\u1ebfn s\u1ef1 v\u00e0 \u0111ang \u0111\u01b0\u1ee3c s\u1eeda ch\u1eefa g\u1ea5p r\u00fat.<\/p>\n<p>Hungary v\u00e0 Slovakia c\u00e1o bu\u1ed9c Ukraine tr\u00ec ho\u00e3n n\u00ean \u0111\u00e3 ph\u1ee7 quy\u1ebft g\u00f3i vay c\u1ee7a EU, ngu\u1ed3n ti\u1ec1n c\u1ef1c k\u1ef3 c\u1ea7n thi\u1ebft cho ch\u00ednh quy\u1ec1n Kyiv. G\u00f3i vay d\u1ef1 ki\u1ebfn s\u1ebd b\u00f9 \u0111\u1eafp cho 2\/3 nhu c\u1ea7u t\u00e0i ch\u00ednh c\u1ee7a Ukraine trong n\u0103m 2026 v\u00e0 2027. Ukraine s\u1ebd kh\u00f4ng ph\u1ea3i tr\u1ea3 l\u00e3i v\u00e0 ch\u1ec9 tr\u1ea3 ti\u1ec1n g\u1ed1c khi n\u00e0o Nga b\u1ed3i th\u01b0\u1eddng thi\u1ec7t h\u1ea1i do chi\u1ebfn s\u1ef1 g\u00e2y ra. Hi\u1ec7n t\u1ea1i, \u01b0\u1edbc t\u00ednh 210 t\u1ec9 euro t\u00e0i s\u1ea3n ng\u00e2n h\u00e0ng trung \u01b0\u01a1ng Nga \u0111ang b\u1ecb \u0111\u00f3ng b\u0103ng t\u1ea1i EU.<\/p>\n<figure type=\"Photo\">\n<p><img loading=\"lazy\" decoding=\"async\" data-author id =\"img_218885577537916928\" w=\"2560\" h=\"1797\" alt=\"Hungary th\u00f4i ph\u1ee7 quy\u1ebft, EU cho Ukraine vay 90 t\u1ec9 euro - \u1ea2nh 2.\" title rel =\"lightbox\" photoid=\"218885577537916928\" src=\"https:\/\/images2.thanhnien.vn\/528068263637045248\/2026\/4\/23\/2026-04-22t065947z141233605rc2s9u9hd8lprtrmadp3ukraine-crisis-pipeline-restart-17769039737701737079594.jpg\" type=\"photo\" width=\"2560\" height=\"1797\" ><\/p><figcaption>\n<p data-placeholder=\"Nh\u1eadp ch\u00fa th\u00edch \u1ea3nh\" class>\u0110\u01b0\u1eddng \u1ed1ng Druzhba t\u1ea1i nh\u00e0 m\u00e1y l\u1ecdc d\u1ea7u \u1edf Szazhalombatta (Hungary)<\/p>\n<\/figcaption><p data-placeholder=\"Nh\u1eadp t\u00e1c gi\u1ea3\" class>\u1ea2NH: REUTERS<\/p>\n<\/figure>\n<p>C\u00f4ng ty d\u1ea7u m\u1ecf MOL c\u1ee7a Hungary chi\u1ec1u 22.4 cho bi\u1ebft \u0111\u01a1n v\u1ecb \u0111i\u1ec1u h\u00e0nh \u0111\u01b0\u1eddng \u1ed1ng ph\u00eda Ukraine \u0111\u00e3 th\u00f4ng b\u00e1o r\u1eb1ng d\u1ea7u th\u00f4 t\u1eeb <a href=\"https:\/\/thanhnien.vn\/ukraine-noi-lai-duong-ong-dan-dau-cho-hungary-slovakia-185260422210653468.htm\" target=\"_blank\" title=\"Ukraine n\u1ed1i l\u1ea1i \u0111\u01b0\u1eddng \u1ed1ng d\u1eabn d\u1ea7u cho Hungary, Slovakia\">\u0111\u01b0\u1eddng \u1ed1ng Druzhba<\/a> \u0111ang ch\u1ea3y t\u1eeb Belarus sang v\u00e0 d\u1ef1 ki\u1ebfn \u0111\u1ebfn Hungary v\u00e0 Slovakia &#8220;s\u1edbm nh\u1ea5t v\u00e0o ng\u00e0y mai&#8221;.<\/p>\n<p>T\u1ed5ng th\u1ed1ng Ukraine Volodymyr Zelensky hoan ngh\u00eanh vi\u1ec7c EU cho Ukraine vay 90 t\u1ec9 euro, cho r\u1eb1ng vi\u1ec7c h\u1ed7 tr\u1ee3 Kyiv v\u00e0 g\u00e2y s\u1ee9c \u00e9p l\u00ean Moscow l\u00e0 \u0111i\u1ec1u c\u1ea7n thi\u1ebft \u0111\u1ec3 ch\u1ea5m d\u1ee9t chi\u1ebfn s\u1ef1.<\/p>\n<p>N\u00fat th\u1eaft \u0111\u01b0\u1ee3c th\u00e1o g\u1ee1 sau khi \u00f4ng Orban b\u1ecb \u0111\u1ed1i th\u1ee7 ch\u00ednh tr\u1ecb <a href=\"https:\/\/thanhnien.vn\/cuoc-bau-cu-khong-chi-cua-hungary-185260411213801898.htm\" target=\"_blank\" title=\"Cu\u1ed9c b\u1ea7u c\u1eed kh\u00f4ng ch\u1ec9 c\u1ee7a Hungary\">Peter Magyar<\/a> v\u01b0\u1ee3t qua trong cu\u1ed9c b\u1ea7u c\u1eed h\u00f4m 12.4. \u00d4ng Magyar \u0111\u01b0\u1ee3c cho l\u00e0 th\u1eadn tr\u1ecdng h\u01a1n trong m\u1ed1i quan h\u1ec7 v\u1edbi Nga, ch\u1ec9 tr\u00edch vi\u1ec7c \u00f4ng Orban duy tr\u00ec quan h\u1ec7 g\u1ea7n g\u0169i qu\u00e1 m\u1ee9c, \u0111\u1eb7c bi\u1ec7t l\u00e0 v\u1ec1 n\u0103ng l\u01b0\u1ee3ng, v\u1edbi Moscow.<\/p>\n<p>K\u00e8m theo g\u00f3i vay, EU c\u0169ng nh\u1ea5t tr\u00ed v\u1ec1 g\u00f3i c\u1ea5m v\u1eadn th\u1ee9 20 l\u00ean Nga, trong \u0111\u00f3 c\u00f3 nh\u1eefng gi\u1edbi h\u1ea1n v\u1ec1 h\u00e0ng h\u1ea3i v\u00e0 n\u0103ng l\u01b0\u1ee3ng, c\u00e1c bi\u1ec7n ph\u00e1p v\u1ec1 t\u00e0i ch\u00ednh, th\u01b0\u01a1ng m\u1ea1i v\u00e0 c\u00f4ng nghi\u1ec7p.<\/p>\n<\/p><\/div>",
        "protected": false
    },
    "excerpt": {
        "rendered": "<p>Cyprus, n\u01b0\u1edbc \u0111ang gi\u1eef ch\u1ee9c ch\u1ee7 t\u1ecbch lu\u00e2n phi\u00ean Li\u00ean minh ch\u00e2u \u00c2u (EU), ng\u00e0y 22.4 th\u00f4ng b\u00e1o r\u1eb1ng \u0111\u1ea1i [&hellip;]<\/p>",
        "protected": false
    },
    "author": 5,
    "featured_media": 74929,
    "comment_status": "open",
    "ping_status": "open",
    "sticky": false,
    "template": "",
    "format": "standard",
    "meta": {
        "_acf_changed": false,
        "footnotes": ""
    },
    "categories": [
        95
    ],
    "tags": [],
    "class_list": [
        "post-74928",
        "post",
        "type-post",
        "status-publish",
        "format-standard",
        "has-post-thumbnail",
        "hentry",
        "category-tin-tuc-the-gioi-vi"
    ],
    "acf": [],
    "_links": {
        "self": [
            {
                "href": "https:\/\/hbbgroup.net\/en_us\/wp-json\/wp\/v2\/posts\/74928",
                "targetHints": {
                    "allow": [
                        "GET"
                    ]
                }
            }
        ],
        "collection": [
            {
                "href": "https:\/\/hbbgroup.net\/en_us\/wp-json\/wp\/v2\/posts"
            }
        ],
        "about": [
            {
                "href": "https:\/\/hbbgroup.net\/en_us\/wp-json\/wp\/v2\/types\/post"
            }
        ],
        "author": [
            {
                "embeddable": true,
                "href": "https:\/\/hbbgroup.net\/en_us\/wp-json\/wp\/v2\/users\/5"
            }
        ],
        "replies": [
            {
                "embeddable": true,
                "href": "https:\/\/hbbgroup.net\/en_us\/wp-json\/wp\/v2\/comments?post=74928"
            }
        ],
        "version-history": [
            {
                "count": 0,
                "href": "https:\/\/hbbgroup.net\/en_us\/wp-json\/wp\/v2\/posts\/74928\/revisions"
            }
        ],
        "wp:featuredmedia": [
            {
                "embeddable": true,
                "href": "https:\/\/hbbgroup.net\/en_us\/wp-json\/wp\/v2\/media\/74929"
            }
        ],
        "wp:attachment": [
            {
                "href": "https:\/\/hbbgroup.net\/en_us\/wp-json\/wp\/v2\/media?parent=74928"
            }
        ],
        "wp:term": [
            {
                "taxonomy": "category",
                "embeddable": true,
                "href": "https:\/\/hbbgroup.net\/en_us\/wp-json\/wp\/v2\/categories?post=74928"
            },
            {
                "taxonomy": "post_tag",
                "embeddable": true,
                "href": "https:\/\/hbbgroup.net\/en_us\/wp-json\/wp\/v2\/tags?post=74928"
            }
        ],
        "curies": [
            {
                "name": "wp",
                "href": "https:\/\/api.w.org\/{rel}",
                "templated": true
            }
        ]
    }
}