{
    "id": 66807,
    "date": "2026-03-31T09:57:50",
    "date_gmt": "2026-03-31T02:57:50",
    "guid": {
        "rendered": "https:\/\/hbbgroup.net\/tau-nga-cho-100-000-tan-dau-tho-den-cuba-giua-khung-hoang-nhien-lieu\/"
    },
    "modified": "2026-03-31T09:57:50",
    "modified_gmt": "2026-03-31T02:57:50",
    "slug": "tau-nga-cho-100-000-tan-dau-tho-den-cuba-giua-khung-hoang-nhien-lieu",
    "status": "publish",
    "type": "post",
    "link": "https:\/\/hbbgroup.net\/en_us\/tau-nga-cho-100-000-tan-dau-tho-den-cuba-giua-khung-hoang-nhien-lieu\/",
    "title": {
        "rendered": "T\u00e0u Nga ch\u1edf 100.000 t\u1ea5n d\u1ea7u th\u00f4 \u0111\u1ebfn Cuba gi\u1eefa kh\u1ee7ng ho\u1ea3ng nhi\u00ean li\u1ec7u"
    },
    "content": {
        "rendered": "<div id=\"maincontent\">\n<p>Theo TASS, B\u1ed9 Giao th\u00f4ng V\u1eadn t\u1ea3i Nga t\u1ed1i 30\/3 \u0111\u00e3 x\u00e1c nh\u1eadn vi\u1ec7c t\u00e0u Anatoly Kolodkin c\u1eadp c\u1ea3ng Matanzas \u1edf <a href=\"https:\/\/vietnamnet.vn\/cuba-tag13735727294583164900.html\" target=\"_blank\">Cuba<\/a> v\u00e0 \u0111ang ch\u1edd d\u1ee1 h\u00e0ng. \u0110\u00e2y l\u00e0 con t\u00e0u ch\u1edf theo 100.000 t\u1ea5n d\u1ea7u th\u00f4, \u0111\u01b0\u1ee3c Moscow cung c\u1ea5p cho La Havana trong khu\u1ed5n kh\u1ed5 vi\u1ec7n tr\u1ee3 nh\u00e2n \u0111\u1ea1o.<\/p>\n<p>&#8220;Ch\u00fang t\u00f4i \u0111\u00e3 n\u00eau ra v\u1ea5n \u0111\u1ec1 n\u00e0y trong c\u00e1c cu\u1ed9c trao \u0111\u1ed5i v\u1edbi M\u1ef9. Nga lu\u00f4n coi vi\u1ec7c h\u1ed7 tr\u1ee3 Cuba nh\u01b0 l\u00e0 tr\u00e1ch nhi\u1ec7m \u0111\u1ed1i v\u1edbi b\u1ea1n b\u00e8. Ch\u00fang t\u00f4i kh\u00f4ng th\u1ec3 l\u00e0m ng\u01a1 tr\u01b0\u1edbc kh\u00f3 kh\u0103n c\u1ee7a ng\u01b0\u1eddi d\u00e2n Cuba v\u00e0 s\u1ebd t\u00ecm c\u00e1ch cung c\u1ea5p th\u00eam nhi\u00ean li\u1ec7u cho h\u1ecd&#8221;, ph\u00e1t ng\u00f4n vi\u00ean \u0110i\u1ec7n Kremlin Dmitry Peskov cho bi\u1ebft.<\/p>\n<figure data-vnnembed=\"true\" data-vnnembedtype=\"image\" data-vnnembedid=\"013R4Z\"><picture><source data-srcset=\"https:\/\/static-images.vnncdn.net\/vps_images_publish\/000001\/000003\/2026\/3\/31\/1469581-tass-109.jpg?width=0&#038;s=LibiUCfJINduHCq2xcZTWw\" media=\"--large\"><img decoding=\"async\" data-original=\"https:\/\/static-images.vnncdn.net\/vps_images_publish\/000001\/000003\/2026\/3\/31\/1469581-tass-109.jpg?width=0&#038;s=LibiUCfJINduHCq2xcZTWw\" data-srcset=\"https:\/\/static-images.vnncdn.net\/vps_images_publish\/000001\/000003\/2026\/3\/31\/1469581-tass-109.jpg?width=0&#038;s=LibiUCfJINduHCq2xcZTWw\" alt=\"1469581 tass.jpg\" data-thumb-small-src=\"https:\/\/static-images.vnncdn.net\/vps_images_publish\/000001\/000003\/2026\/3\/31\/1469581-tass-109.jpg?width=260&#038;s=Gs5E-bsiqb7bYRVM2pIp_Q\" src=\"https:\/\/static-images.vnncdn.net\/vps_images_publish\/000001\/000003\/2026\/3\/31\/1469581-tass-109.jpg?width=260&#038;s=Gs5E-bsiqb7bYRVM2pIp_Q\"><\/picture><figcaption>M\u1ed9t t\u00e0u ch\u1edf d\u1ea7u c\u1ee7a Nga. \u1ea2nh: TASS<\/figcaption><\/figure>\n<p>\u0110\u1ed9ng th\u00e1i c\u1ee7a Nga di\u1ec5n ra trong b\u1ed1i c\u1ea3nh Cuba \u0111ang ph\u1ea3i \u0111\u1ed1i m\u1eb7t v\u1edbi cu\u1ed9c kh\u1ee7ng ho\u1ea3ng n\u0103ng l\u01b0\u1ee3ng nghi\u00eam tr\u1ecdng v\u00ec k\u1ebf ho\u1ea1ch g\u00e2y s\u1ee9c \u00e9p c\u1ee7a ch\u00ednh quy\u1ec1n T\u1ed5ng th\u1ed1ng M\u1ef9 Donald Trump. Theo gi\u1edbi quan s\u00e1t, s\u1ed1 d\u1ea7u c\u1ee7a Nga c\u00f3 th\u1ec3 gi\u00fap Cuba duy tr\u00ec ngu\u1ed3n cung n\u0103ng l\u01b0\u1ee3ng trong kho\u1ea3ng 9-10 ng\u00e0y. L\u01b0\u1ee3ng d\u1ea7u th\u00f4 n\u00e0y s\u1ebd \u0111\u01b0\u1ee3c tinh ch\u1ebf th\u00e0nh d\u1ea7u diesel, x\u0103ng, nhi\u00ean li\u1ec7u m\u00e1y bay v\u00e0 d\u1ea7u mazut d\u00f9ng cho c\u00e1c nh\u00e0 m\u00e1y \u0111i\u1ec7n.<\/p>\n<p>V\u1ec1 ph\u00eda M\u1ef9, T\u1ed5ng th\u1ed1ng Trump ng\u00e0y 30\/3 \u0111\u00e3 n\u00f3i v\u1edbi t\u1edd New York Times r\u1eb1ng \u00f4ng &#8220;kh\u00f4ng c\u00f3 v\u1ea5n \u0111\u1ec1&#8221; v\u1edbi vi\u1ec7c t\u00e0u ch\u1edf d\u1ea7u Nga t\u1edbi Cuba. \u0110\u00e2y l\u00e0 m\u1ed9t ph\u00e1t bi\u1ec3u \u0111\u00e1ng ch\u00fa \u00fd, b\u1edfi t\u00e0u Anatoly Kolodkin v\u1ed1n n\u1eb1m trong danh s\u00e1ch c\u1ea5m v\u1eadn c\u1ee7a M\u1ef9, EU v\u00e0 Anh v\u00ec cu\u1ed9c xung \u0111\u1ed9t Ukraine.<\/p>\n<p>&#8220;\u1ede th\u1eddi \u0111i\u1ec3m n\u00e0y, t\u00f4i kh\u00f4ng c\u00f3 v\u1ea5n \u0111\u1ec1 g\u00ec v\u1edbi vi\u1ec7c c\u00e1c n\u01b0\u1edbc mu\u1ed1n g\u1eedi d\u1ea7u cho Cuba, d\u00f9 \u0111\u00f3 l\u00e0 d\u1ea7u c\u1ee7a Nga hay b\u1ea5t k\u1ef3 ai&#8221;, \u00f4ng Trump n\u00f3i.<\/p>\n<p>Tuy\u00ean b\u1ed1 c\u1ee7a T\u1ed5ng th\u1ed1ng Trump \u0111\u01b0\u1ee3c coi l\u00e0 t\u00edn hi\u1ec7u t\u00edch c\u1ef1c, \u00e1m ch\u1ec9 M\u1ef9 c\u00f3 th\u1ec3 n\u1edbi l\u1ecfng phong t\u1ecfa \u0111\u1ec3 c\u00f3 th\u00eam nhi\u1ec1u t\u00e0u d\u1ea7u c\u1eadp c\u1ea3ng Cuba trong t\u01b0\u01a1ng lai g\u1ea7n. Anatoly Kolodkin l\u00e0 t\u00e0u d\u1ea7u \u0111\u1ea7u ti\u00ean t\u1edbi \u0111\u01b0\u1ee3c Cuba trong 3 th\u00e1ng qua.<\/p>\n<div id=\"vnn-editor-1774912889132\" data-temp=\"template20\">\n<article data-vnnembed=\"true\" data-vnnembedtype=\"article\" data-vnnembedid=\"2501611\"><a href=\"http:\/\/vietnamnet.vn\/my-cho-phep-tau-cho-dau-nga-cap-ben-cuba-2501611.html\" title=\"M\u1ef9 cho ph\u00e9p t\u00e0u ch\u1edf d\u1ea7u Nga c\u1eadp b\u1ebfn Cuba\"><picture><img decoding=\"async\" data-original=\"https:\/\/static-images.vnncdn.net\/vps_images_publish\/000001\/000003\/2026\/3\/30\/my-cho-phep-tau-cho-dau-nga-cap-ben-cuba-516.jpg?width=0&#038;s=-r6Us5R7PA_-8aFizGDPSA\" data-srcset=\"https:\/\/static-images.vnncdn.net\/vps_images_publish\/000001\/000003\/2026\/3\/30\/my-cho-phep-tau-cho-dau-nga-cap-ben-cuba-516.jpg?width=260&#038;s=dgNRZSSnRio_KGgO5n0-Sg\" alt=\"M\u1ef9 cho ph\u00e9p t\u00e0u ch\u1edf d\u1ea7u Nga c\u1eadp b\u1ebfn Cuba\" src=\"https:\/\/static-images.vnncdn.net\/vps_images_publish\/000001\/000003\/2026\/3\/30\/my-cho-phep-tau-cho-dau-nga-cap-ben-cuba-516.jpg?width=260&#038;s=dgNRZSSnRio_KGgO5n0-Sg\"><\/picture><\/a> <\/p>\n<div>\n<p>M\u1ef9 \u0111\u00e3 \u0111\u1ed3ng \u00fd \u0111\u1ec3 m\u1ed9t t\u00e0u ch\u1edf d\u1ea7u c\u1ee7a Nga c\u1eadp b\u1ebfn c\u1ea3ng Matanzas c\u1ee7a Cuba, qua \u0111\u00f3 gi\u00fap ch\u00ednh quy\u1ec1n La Havana t\u1ea1m th\u1eddi gi\u1ea3i quy\u1ebft t\u00ecnh tr\u1ea1ng thi\u1ebfu h\u1ee5t n\u0103ng l\u01b0\u1ee3ng.<\/p>\n<\/p><\/div>\n<article data-vnnembed=\"true\" data-vnnembedtype=\"article\" data-vnnembedid=\"2499381\"><a href=\"http:\/\/vietnamnet.vn\/cuba-mat-dien-toan-quoc-lan-2-trong-chua-day-mot-tuan-2499381.html\" title=\"Cuba m\u1ea5t \u0111i\u1ec7n to\u00e0n qu\u1ed1c l\u1ea7n 2 trong ch\u01b0a \u0111\u1ea7y m\u1ed9t tu\u1ea7n\"><picture><img decoding=\"async\" data-original=\"https:\/\/static-images.vnncdn.net\/vps_images_publish\/000001\/000003\/2026\/3\/22\/cuba-mat-dien-610.jpg?width=0&#038;s=fgowZW3FUa3q2fi2pL3TDA\" data-srcset=\"https:\/\/static-images.vnncdn.net\/vps_images_publish\/000001\/000003\/2026\/3\/22\/cuba-mat-dien-610.jpg?width=260&#038;s=XjxfJFjRFXfSNnDjWDYiyQ\" alt=\"Cuba m\u1ea5t \u0111i\u1ec7n to\u00e0n qu\u1ed1c l\u1ea7n 2 trong ch\u01b0a \u0111\u1ea7y m\u1ed9t tu\u1ea7n\" src=\"https:\/\/static-images.vnncdn.net\/vps_images_publish\/000001\/000003\/2026\/3\/22\/cuba-mat-dien-610.jpg?width=260&#038;s=XjxfJFjRFXfSNnDjWDYiyQ\"><\/picture><\/a> <\/p>\n<div>\n<p>B\u1ed9 N\u0103ng l\u01b0\u1ee3ng Cuba t\u1ed1i qua (21\/3) th\u00f4ng b\u00e1o, to\u00e0n b\u1ed9 qu\u1ed1c \u0111\u1ea3o n\u00e0y b\u1ecb m\u1ea5t \u0111i\u1ec7n m\u1ed9t l\u1ea7n n\u1eefa, khi\u1ebfn h\u01a1n 10 tri\u1ec7u ng\u01b0\u1eddi kh\u00f4ng c\u00f3 \u0111i\u1ec7n s\u1eed d\u1ee5ng.<\/p>\n<\/p><\/div>\n<article data-vnnembed=\"true\" data-vnnembedtype=\"article\" data-vnnembedid=\"2491465\"><a href=\"http:\/\/vietnamnet.vn\/tong-thong-putin-khang-dinh-nga-luon-sat-canh-cung-cuba-2491465.html\" title=\"T\u1ed5ng th\u1ed1ng Putin kh\u1eb3ng \u0111\u1ecbnh Nga lu\u00f4n s\u00e1t c\u00e1nh c\u00f9ng Cuba\"><picture><img decoding=\"async\" data-original=\"https:\/\/static-images.vnncdn.net\/vps_images_publish\/000001\/000003\/2026\/2\/19\/tong-thong-putin-khang-dinh-nga-luon-sat-canh-cung-cuba-360.jpg?width=0&#038;s=ebzQlK4qmbxEhxMaT4bboA\" data-srcset=\"https:\/\/static-images.vnncdn.net\/vps_images_publish\/000001\/000003\/2026\/2\/19\/tong-thong-putin-khang-dinh-nga-luon-sat-canh-cung-cuba-360.jpg?width=260&#038;s=exeLaX-ZPeiElInIjo86_g\" alt=\"T\u1ed5ng th\u1ed1ng Putin kh\u1eb3ng \u0111\u1ecbnh Nga lu\u00f4n s\u00e1t c\u00e1nh c\u00f9ng Cuba\" src=\"https:\/\/static-images.vnncdn.net\/vps_images_publish\/000001\/000003\/2026\/2\/19\/tong-thong-putin-khang-dinh-nga-luon-sat-canh-cung-cuba-360.jpg?width=260&#038;s=exeLaX-ZPeiElInIjo86_g\"><\/picture><\/a> <\/p>\n<div>\n<p>T\u1ed5ng th\u1ed1ng Nga Vladimir Putin ch\u1ec9 tr\u00edch m\u1ea1nh m\u1ebd c\u00e1c l\u1ec7nh tr\u1eebng ph\u1ea1t nh\u1eafm v\u00e0o La Havana, \u0111\u1ed3ng th\u1eddi kh\u1eb3ng \u0111\u1ecbnh Moscow lu\u00f4n s\u00e1t c\u00e1nh c\u00f9ng v\u1edbi nh\u00e2n d\u00e2n Cuba.<\/p>\n<\/p><\/div>\n<\/p><\/div>\n<\/p><\/div>",
        "protected": false
    },
    "excerpt": {
        "rendered": "<p>Theo TASS, B\u1ed9 Giao th\u00f4ng V\u1eadn t\u1ea3i Nga t\u1ed1i 30\/3 \u0111\u00e3 x\u00e1c nh\u1eadn vi\u1ec7c t\u00e0u Anatoly Kolodkin c\u1eadp c\u1ea3ng Matanzas [&hellip;]<\/p>",
        "protected": false
    },
    "author": 5,
    "featured_media": 66809,
    "comment_status": "open",
    "ping_status": "open",
    "sticky": false,
    "template": "",
    "format": "standard",
    "meta": {
        "_acf_changed": false,
        "footnotes": ""
    },
    "categories": [
        95
    ],
    "tags": [],
    "class_list": [
        "post-66807",
        "post",
        "type-post",
        "status-publish",
        "format-standard",
        "has-post-thumbnail",
        "hentry",
        "category-tin-tuc-the-gioi-vi"
    ],
    "acf": [],
    "_links": {
        "self": [
            {
                "href": "https:\/\/hbbgroup.net\/en_us\/wp-json\/wp\/v2\/posts\/66807",
                "targetHints": {
                    "allow": [
                        "GET"
                    ]
                }
            }
        ],
        "collection": [
            {
                "href": "https:\/\/hbbgroup.net\/en_us\/wp-json\/wp\/v2\/posts"
            }
        ],
        "about": [
            {
                "href": "https:\/\/hbbgroup.net\/en_us\/wp-json\/wp\/v2\/types\/post"
            }
        ],
        "author": [
            {
                "embeddable": true,
                "href": "https:\/\/hbbgroup.net\/en_us\/wp-json\/wp\/v2\/users\/5"
            }
        ],
        "replies": [
            {
                "embeddable": true,
                "href": "https:\/\/hbbgroup.net\/en_us\/wp-json\/wp\/v2\/comments?post=66807"
            }
        ],
        "version-history": [
            {
                "count": 0,
                "href": "https:\/\/hbbgroup.net\/en_us\/wp-json\/wp\/v2\/posts\/66807\/revisions"
            }
        ],
        "wp:featuredmedia": [
            {
                "embeddable": true,
                "href": "https:\/\/hbbgroup.net\/en_us\/wp-json\/wp\/v2\/media\/66809"
            }
        ],
        "wp:attachment": [
            {
                "href": "https:\/\/hbbgroup.net\/en_us\/wp-json\/wp\/v2\/media?parent=66807"
            }
        ],
        "wp:term": [
            {
                "taxonomy": "category",
                "embeddable": true,
                "href": "https:\/\/hbbgroup.net\/en_us\/wp-json\/wp\/v2\/categories?post=66807"
            },
            {
                "taxonomy": "post_tag",
                "embeddable": true,
                "href": "https:\/\/hbbgroup.net\/en_us\/wp-json\/wp\/v2\/tags?post=66807"
            }
        ],
        "curies": [
            {
                "name": "wp",
                "href": "https:\/\/api.w.org\/{rel}",
                "templated": true
            }
        ]
    }
}