{
    "id": 66757,
    "date": "2026-03-31T09:57:58",
    "date_gmt": "2026-03-31T02:57:58",
    "guid": {
        "rendered": "https:\/\/hbbgroup.net\/ceo-air-canada-tu-chuc-v-khng-ni-tieng-php-tuong-niem-vu-tai-nan-my-bay\/"
    },
    "modified": "2026-03-31T09:57:58",
    "modified_gmt": "2026-03-31T02:57:58",
    "slug": "ceo-air-canada-tu-chuc-v-khng-ni-tieng-php-tuong-niem-vu-tai-nan-my-bay",
    "status": "publish",
    "type": "post",
    "link": "https:\/\/hbbgroup.net\/en_us\/ceo-air-canada-tu-chuc-v-khng-ni-tieng-php-tuong-niem-vu-tai-nan-my-bay\/",
    "title": {
        "rendered": "CEO Air Canada t\u1eeb ch\u1ee9c v&igrave; &lsquo;kh&ocirc;ng n&oacute;i ti\u1ebfng Ph&aacute;p&rsquo; t\u01b0\u1edfng ni\u1ec7m v\u1ee5 tai n\u1ea1n m&aacute;y bay"
    },
    "content": {
        "rendered": "<div data-role=\"content\" itemprop=\"articleBody\" data-io-article-url=\"https:\/\/thanhnien.vn\/ceo-air-canada-tu-chuc-vi-khong-noi-tieng-phap-tuong-niem-vu-tai-nan-may-bay-185260331072124101.htm\">\n<p><i>The Guardian<\/i> ng\u00e0y 30.3 \u0111\u01b0a tin CEO c\u1ee7a h\u00e3ng h\u00e0ng kh\u00f4ng l\u1edbn nh\u1ea5t Canada s\u1ebd t\u1eeb ch\u1ee9c, sau khi video \u00f4ng g\u1eedi th\u00f4ng \u0111i\u1ec7p t\u01b0\u1edfng ni\u1ec7m phi c\u00f4ng thi\u1ec7t m\u1ea1ng trong tai n\u1ea1n m\u00e1y bay \u1edf <a href=\"https:\/\/thanhnien.vn\/san-bay-laguardia.html\" target=\"_blank\" title=\"S\u00e2n bay LaGuardia\">s\u00e2n bay LaGuardia<\/a> (M\u1ef9) tu\u1ea7n tr\u01b0\u1edbc v\u1ea5p ph\u1ea3i l\u00e0n s\u00f3ng ch\u1ec9 tr\u00edch d\u1eef d\u1ed9i, do \u00f4ng Rousseau ch\u1ec9 d\u00f9ng ti\u1ebfng Anh.<\/p>\n<figure type=\"Photo\">\n<p><img loading=\"lazy\" decoding=\"async\" data-author id =\"img_214717571004891136\" w=\"1280\" h=\"720\" alt=\"CEO Air Canada t\u1eeb ch\u1ee9c v\u00ec \u2018kh\u00f4ng n\u00f3i ti\u1ebfng Ph\u00e1p\u2019 t\u01b0\u1edfng ni\u1ec7m v\u1ee5 tai n\u1ea1n m\u00e1y bay - \u1ea2nh 1.\" title rel =\"lightbox\" photoid=\"214717571004891136\" src=\"https:\/\/images2.thanhnien.vn\/528068263637045248\/2026\/3\/31\/2026-03-03t013033z-1195535496-rc2dwjaebbjr-rtrmadp-3-iran-crisis-nuclear-iaea-1774916515178756142555.jpg\" type=\"photo\" width=\"1280\" height=\"720\" ><\/p><figcaption>\n<p data-placeholder=\"Nh\u1eadp ch\u00fa th\u00edch \u1ea3nh\" class>CEO Air Canada Michael Rousseau<\/p>\n<\/figcaption><p data-placeholder=\"Nh\u1eadp t\u00e1c gi\u1ea3\" class>\u1ea2NH: TORONTO STAR<\/p>\n<\/figure>\n<p>Tu\u1ea7n tr\u01b0\u1edbc, m\u00e1y bay c\u1ee7a <a href=\"https:\/\/thanhnien.vn\/air-canada.html\" target=\"_blank\" title=\"Air Canada\">Air Canada<\/a> \u0111\u00e3 \u0111\u00e2m v\u00e0o xe c\u1ee9u h\u1ecfa khi \u0111ang di chuy\u1ec3n tr\u00ean \u0111\u01b0\u1eddng b\u0103ng \u1edf s\u00e2n bay LaGuardia. V\u1ee5 tai n\u1ea1n \u0111\u00e3 khi\u1ebfn 2 phi c\u00f4ng Antoine Forest v\u00e0 Mackenzie Gunther thi\u1ec7t m\u1ea1ng. C\u00e1c chuy\u00ean gia \u0111\u00e3 d\u00e0nh l\u1eddi khen v\u00e0 s\u1ef1 tri \u00e2n do c\u00e1ch x\u1eed l\u00fd c\u1ee7a phi c\u00f4ng \u0111\u00e3 g\u00f3p ph\u1ea7n c\u1ee9u s\u1ed1ng t\u00ednh m\u1ea1ng c\u1ee7a nh\u1eefng h\u00e0nh kh\u00e1ch.<\/p>\n<p>Trong th\u00f4ng \u0111i\u1ec7p v\u1ec1 v\u1ee5 vi\u1ec7c ngay sau \u0111\u00f3, Air Canada \u0111\u0103ng video CEO Rousseau chia bu\u1ed3n d\u00e0i 4 ph\u00fat, th\u1ebf nh\u01b0ng trong su\u1ed1t qu\u00e1 tr\u00ecnh, \u00f4ng Rousseau ch\u1ec9 n\u00f3i 2 t\u1eeb ti\u1ebfng Ph\u00e1p l\u00e0 \u201cbonjour\u201d (xin ch\u00e0o) v\u00e0 \u201cmerci\u201d (c\u1ea3m \u01a1n).<\/p>\n<p>Air Canada c\u00f3 tr\u1ee5 s\u1edf t\u1ea1i th\u00e0nh ph\u1ed1 Montreal, t\u1ec9nh bang Quebec (Canada), n\u01a1i ti\u1ebfng Ph\u00e1p \u0111\u01b0\u1ee3c s\u1eed d\u1ee5ng r\u1ed9ng r\u00e3i v\u00e0 c\u0169ng l\u00e0 ng\u00f4n ng\u1eef ch\u00ednh th\u1ee9c b\u00ean c\u1ea1nh ti\u1ebfng Anh. Theo lu\u1eadt n\u01b0\u1edbc n\u00e0y, h\u00e3ng h\u00e0ng kh\u00f4ng c\u1ea7n ph\u1ea3i cung c\u1ea5p c\u00e1c d\u1ecbch v\u1ee5 b\u1eb1ng 2 th\u1ee9 ti\u1ebfng. V\u1ed1n d\u0129 ch\u00ednh s\u00e1ch c\u1ee7a c\u00f4ng ty c\u0169ng y\u00eau c\u1ea7u s\u1eed d\u1ee5ng 2 th\u1ee9 ti\u1ebfng trong c\u00f4ng t\u00e1c truy\u1ec1n th\u00f4ng v\u1edbi c\u00f4ng ch\u00fang.<\/p>\n<p>Vi\u1ec7c \u00f4ng Rousseau kh\u00f4ng c\u00f3 ph\u00e1t bi\u1ec3u b\u1eb1ng ti\u1ebfng Ph\u00e1p \u0111\u00e3 v\u1ea5p ph\u1ea3i ph\u1ea3n \u0111\u1ed1i c\u1ee7a ng\u01b0\u1eddi d\u00e2n v\u00e0 gi\u1edbi ch\u00ednh tr\u1ecb t\u1ea1i Canada. <a href=\"https:\/\/thanhnien.vn\/thu-tuong-canada.html\" target=\"_blank\" title=\"Th\u1ee7 t\u01b0\u1edbng Canada\">Th\u1ee7 t\u01b0\u1edbng Canada<\/a> Mark Carney n\u00f3i r\u1eb1ng \u00f4ng \u201cr\u1ea5t th\u1ea5t v\u1ecdng\u201d v\u1edbi th\u00f4ng \u0111i\u1ec7p ch\u1ec9 c\u00f3 m\u1ed9t th\u1ee9 ti\u1ebfng c\u1ee7a \u00f4ng Rousseau, cho r\u1eb1ng \u0111\u00e2y l\u00e0 h\u00e0nh \u0111\u1ed9ng \u201cthi\u1ebfu s\u1ef1 th\u1ea5u c\u1ea3m\u201d v\u1edbi c\u00e1c n\u1ea1n nh\u00e2n v\u1ee5 tai n\u1ea1n.<\/p>\n<p>V\u00e0i ng\u00e0y sau, \u00f4ng Rousseau \u0111\u01b0a ra m\u1ed9t tuy\u00ean b\u1ed1 xin l\u1ed7i v\u00ec &#8220;vi\u1ec7c kh\u00f4ng th\u1ec3 n\u00f3i ti\u1ebfng Ph\u00e1p&#8221; \u0111\u00e3 l\u00e0m ch\u1ec7ch h\u01b0\u1edbng s\u1ef1 ch\u00fa \u00fd, v\u1ed1n n\u00ean quan t\u00e2m \u0111\u1ebfn gia \u0111\u00ecnh c\u00e1c n\u1ea1n nh\u00e2n. \u201cM\u1eb7c d\u00f9 \u0111\u00e3 h\u1ecdc r\u1ea5t nhi\u1ec1u trong nhi\u1ec1u n\u0103m, th\u1ebf nh\u01b0ng th\u1eadt kh\u00f4ng may, t\u00f4i v\u1eabn ch\u01b0a th\u1ec3 di\u1ec5n \u0111\u1ea1t tr\u00f4i ch\u1ea3y b\u1eb1ng ti\u1ebfng Ph\u00e1p. T\u00f4i th\u00e0nh th\u1eadt xin l\u1ed7i v\u1ec1 \u0111i\u1ec1u n\u00e0y v\u00e0 t\u00f4i s\u1ebd ti\u1ebfp t\u1ee5c n\u1ed7 l\u1ef1c \u0111\u1ec3 c\u1ea3i thi\u1ec7n\u201d, \u00f4ng n\u00f3i.<\/p>\n<p>Air Canada cho bi\u1ebft \u00f4ng Rousseau s\u1ebd t\u1eeb ch\u1ee9c CEO v\u00e0o cu\u1ed1i qu\u00fd 3 n\u0103m nay. Trong th\u1eddi gian n\u00e0y, \u00f4ng v\u1eabn ti\u1ebfp t\u1ee5c vai tr\u00f2 l\u00e3nh \u0111\u1ea1o v\u00e0 th\u00e0nh vi\u00ean h\u1ed9i \u0111\u1ed3ng qu\u1ea3n tr\u1ecb.<\/p>\n<\/p><\/div>",
        "protected": false
    },
    "excerpt": {
        "rendered": "<p>The Guardian ng\u00e0y 30.3 \u0111\u01b0a tin CEO c\u1ee7a h\u00e3ng h\u00e0ng kh\u00f4ng l\u1edbn nh\u1ea5t Canada s\u1ebd t\u1eeb ch\u1ee9c, sau khi video [&hellip;]<\/p>",
        "protected": false
    },
    "author": 5,
    "featured_media": 66760,
    "comment_status": "open",
    "ping_status": "open",
    "sticky": false,
    "template": "",
    "format": "standard",
    "meta": {
        "_acf_changed": false,
        "footnotes": ""
    },
    "categories": [
        95
    ],
    "tags": [],
    "class_list": [
        "post-66757",
        "post",
        "type-post",
        "status-publish",
        "format-standard",
        "has-post-thumbnail",
        "hentry",
        "category-tin-tuc-the-gioi-vi"
    ],
    "acf": [],
    "_links": {
        "self": [
            {
                "href": "https:\/\/hbbgroup.net\/en_us\/wp-json\/wp\/v2\/posts\/66757",
                "targetHints": {
                    "allow": [
                        "GET"
                    ]
                }
            }
        ],
        "collection": [
            {
                "href": "https:\/\/hbbgroup.net\/en_us\/wp-json\/wp\/v2\/posts"
            }
        ],
        "about": [
            {
                "href": "https:\/\/hbbgroup.net\/en_us\/wp-json\/wp\/v2\/types\/post"
            }
        ],
        "author": [
            {
                "embeddable": true,
                "href": "https:\/\/hbbgroup.net\/en_us\/wp-json\/wp\/v2\/users\/5"
            }
        ],
        "replies": [
            {
                "embeddable": true,
                "href": "https:\/\/hbbgroup.net\/en_us\/wp-json\/wp\/v2\/comments?post=66757"
            }
        ],
        "version-history": [
            {
                "count": 0,
                "href": "https:\/\/hbbgroup.net\/en_us\/wp-json\/wp\/v2\/posts\/66757\/revisions"
            }
        ],
        "wp:featuredmedia": [
            {
                "embeddable": true,
                "href": "https:\/\/hbbgroup.net\/en_us\/wp-json\/wp\/v2\/media\/66760"
            }
        ],
        "wp:attachment": [
            {
                "href": "https:\/\/hbbgroup.net\/en_us\/wp-json\/wp\/v2\/media?parent=66757"
            }
        ],
        "wp:term": [
            {
                "taxonomy": "category",
                "embeddable": true,
                "href": "https:\/\/hbbgroup.net\/en_us\/wp-json\/wp\/v2\/categories?post=66757"
            },
            {
                "taxonomy": "post_tag",
                "embeddable": true,
                "href": "https:\/\/hbbgroup.net\/en_us\/wp-json\/wp\/v2\/tags?post=66757"
            }
        ],
        "curies": [
            {
                "name": "wp",
                "href": "https:\/\/api.w.org\/{rel}",
                "templated": true
            }
        ]
    }
}