{
    "id": 66741,
    "date": "2026-03-31T09:58:01",
    "date_gmt": "2026-03-31T02:58:01",
    "guid": {
        "rendered": "https:\/\/hbbgroup.net\/ngoai-truong-my-nhan-manh-iran-khong-duoc-phep-vu-khi-hoa-hat-nhan\/"
    },
    "modified": "2026-03-31T09:58:01",
    "modified_gmt": "2026-03-31T02:58:01",
    "slug": "ngoai-truong-my-nhan-manh-iran-khong-duoc-phep-vu-khi-hoa-hat-nhan",
    "status": "publish",
    "type": "post",
    "link": "https:\/\/hbbgroup.net\/en_us\/ngoai-truong-my-nhan-manh-iran-khong-duoc-phep-vu-khi-hoa-hat-nhan\/",
    "title": {
        "rendered": "Ngo\u1ea1i tr\u01b0\u1edfng M\u1ef9 nh\u1ea5n m\u1ea1nh Iran kh\u00f4ng \u0111\u01b0\u1ee3c ph\u00e9p \u2018v\u0169 kh\u00ed h\u00f3a\u2019 h\u1ea1t nh\u00e2n"
    },
    "content": {
        "rendered": "<div id=\"maincontent\">\n<p>Trong cu\u1ed9c ph\u1ecfng v\u1ea5n v\u1edbi h\u00e3ng truy\u1ec1n th\u00f4ng Al Jazeera h\u00f4m 30\/3, Ngo\u1ea1i tr\u01b0\u1edfng M\u1ef9 Rubio tuy\u00ean b\u1ed1 <a href=\"https:\/\/vietnamnet.vn\/iran-tag9925320356078412626.html\">Iran<\/a> ph\u1ea3i t\u1eeb b\u1ecf nh\u1eefng tham v\u1ecdng v\u1ec1 ch\u01b0\u01a1ng tr\u00ecnh h\u1ea1t nh\u00e2n v\u00e0 ng\u1eebng s\u1ea3n xu\u1ea5t t\u00ean l\u1eeda c\u0169ng nh\u01b0 m\u00e1y bay kh\u00f4ng ng\u01b0\u1eddi l\u00e1i (UAV), nh\u1eefng kh\u00ed t\u00e0i c\u00f3 th\u1ec3 \u0111e d\u1ecda \u0111\u1ebfn c\u00e1c qu\u1ed1c gia V\u00f9ng V\u1ecbnh.<\/p>\n<figure data-vnnembed=\"true\" data-vnnembedtype=\"image\" data-vnnembedid=\"013R5A\"><picture><source data-srcset=\"https:\/\/static-images.vnncdn.net\/vps_images_publish\/000001\/000003\/2026\/3\/31\/iran-1111-261.jpg?width=0&#038;s=UBAW5X-UcaEMHI2etxANpQ\" media=\"--large\"><img decoding=\"async\" data-original=\"https:\/\/static-images.vnncdn.net\/vps_images_publish\/000001\/000003\/2026\/3\/31\/iran-1111-261.jpg?width=0&#038;s=UBAW5X-UcaEMHI2etxANpQ\" data-srcset=\"https:\/\/static-images.vnncdn.net\/vps_images_publish\/000001\/000003\/2026\/3\/31\/iran-1111-261.jpg?width=0&#038;s=UBAW5X-UcaEMHI2etxANpQ\" alt=\"Iran 1111.jpg\" data-thumb-small-src=\"https:\/\/static-images.vnncdn.net\/vps_images_publish\/000001\/000003\/2026\/3\/31\/iran-1111-261.jpg?width=260&#038;s=VUSvvqiyILDDbt3E__kNAQ\" src=\"https:\/\/static-images.vnncdn.net\/vps_images_publish\/000001\/000003\/2026\/3\/31\/iran-1111-261.jpg?width=260&#038;s=VUSvvqiyILDDbt3E__kNAQ\"><\/picture><figcaption>Ngo\u1ea1i tr\u01b0\u1edfng M\u1ef9 Marco Rubio (ph\u1ea3i) trong cu\u1ed9c ph\u1ecfng v\u1ea5n. \u1ea2nh: Al Jazeera<\/figcaption><\/figure>\n<p>\u201c\u0110i\u1ec1u m\u00e0 Iran kh\u00f4ng \u0111\u01b0\u1ee3c ph\u00e9p c\u00f3 l\u00e0 m\u1ed9t h\u1ec7 th\u1ed1ng c\u00f3 th\u1ec3 cho ph\u00e9p h\u1ecd \u2018v\u0169 kh\u00ed h\u00f3a\u2019 h\u1ea1t nh\u00e2n. Tehran c\u0169ng ph\u1ea3i ng\u1eebng ch\u1ebf t\u1ea1o UAV v\u00e0 t\u00ean l\u1eeda. G\u1ea7n \u0111\u00e2y, ch\u00fang t\u00f4i \u0111\u00e3 ch\u1ee9ng ki\u1ebfn vi\u1ec7c Iran n\u00f3i d\u1ed1i. Iran tuy\u00ean b\u1ed1 kh\u00f4ng s\u1edf h\u1eefu t\u00ean l\u1eeda t\u1ea7m xa nh\u01b0ng h\u1ecd v\u1eabn cho ph\u00f3ng t\u00ean l\u1eeda \u0111\u1ea1n \u0111\u1ea1o v\u00e0 t\u1ea7m b\u1eafn c\u1ee7a ch\u00fang v\u01b0\u1ee3t xa nh\u1eefng g\u00ec Ngo\u1ea1i tr\u01b0\u1edfng Iran Abbas Aragchi tuy\u00ean b\u1ed1 ch\u1ec9 v\u00e0i ng\u00e0y tr\u01b0\u1edbc \u0111\u00f3. V\u1eady n\u00ean Iran ph\u1ea3i t\u1eeb b\u1ecf t\u1ea5t c\u1ea3 nh\u1eefng ch\u01b0\u01a1ng tr\u00ecnh v\u0169 kh\u00ed c\u0169ng nh\u01b0 tham v\u1ecdng h\u1ea1t nh\u00e2n\u201d, \u00f4ng Rubio n\u00f3i.<\/p>\n<p>Ngo\u1ea1i tr\u01b0\u1edfng M\u1ef9 nh\u1eadn \u0111\u1ecbnh m\u1ed9t khi Tehran t\u1eeb b\u1ecf c\u00e1c ch\u01b0\u01a1ng tr\u00ecnh v\u0169 kh\u00ed v\u00e0 tham v\u1ecdng h\u1ea1t nh\u00e2n, t\u01b0\u01a1ng lai c\u1ee7a Iran s\u1ebd \u201cr\u1ef1c r\u1ee1\u201d.<\/p>\n<p>Theo Al Jazeera, tuy\u00ean b\u1ed1 tr\u00ean c\u1ee7a \u00f4ng Rubio \u00e1m ch\u1ec9 vi\u1ec7c qu\u00e2n \u0111\u1ed9i Iran v\u00e0o s\u00e1ng 20\/3 \u0111\u00e3 ph\u00f3ng 2 t\u00ean l\u1eeda \u0111\u1ea1n \u0111\u1ea1o t\u1ea7m trung <a href=\"https:\/\/vietnamnet.vn\/iran-ban-ten-lua-vao-can-cu-my-o-an-do-duong-nha-may-uav-cua-tehran-bi-pha-huy-2499214.html\">nh\u1eb1m v\u00e0o c\u0103n c\u1ee9 qu\u00e2n s\u1ef1 Diego Garcia c\u1ee7a M\u1ef9<\/a> \u1edf \u1ea4n \u0110\u1ed9 D\u01b0\u01a1ng. \u0110\u01b0\u1ee3c bi\u1ebft, kho\u1ea3ng c\u00e1ch t\u1eeb v\u1ecb tr\u00ed ph\u00f3ng t\u00ean l\u1eeda \u0111\u1ebfn c\u0103n c\u1ee9 tr\u00ean l\u00e0 g\u1ea7n 4.000km.<\/p>\n<p>Theo t\u1ea1p ch\u00ed Wall Street, h\u1ec7 th\u1ed1ng \u0111\u00e1nh ch\u1eb7n SM-3 tr\u00ean t\u00e0u chi\u1ebfn M\u1ef9 \u0111\u00e3 b\u1eafn h\u1ea1 m\u1ed9t t\u00ean l\u1eeda \u0111\u1ea1n \u0111\u1ea1o c\u1ee7a Iran, trong khi qu\u1ea3 t\u00ean l\u1eeda c\u00f2n l\u1ea1i c\u1ee7a qu\u1ed1c gia H\u1ed3i gi\u00e1o g\u1eb7p s\u1ef1 c\u1ed1 khi ph\u00f3ng v\u00e0 r\u01a1i xu\u1ed1ng bi\u1ec3n.<\/p>\n<figure><\/figure>\n<p><em>Video: Al Jazeera<\/em><\/p>\n<div id=\"vnn-editor-1774922213890\" data-temp=\"template20\">\n<article data-vnnembed=\"true\" data-vnnembedtype=\"article\" data-vnnembedid=\"2501182\"><a href=\"http:\/\/vietnamnet.vn\/ha-tang-hat-nhan-iran-lai-bi-tan-cong-tehran-doa-buoc-israel-tra-gia-dat-2501182.html\" title=\"H\u1ea1 t\u1ea7ng h\u1ea1t nh\u00e2n Iran l\u1ea1i b\u1ecb t\u1ea5n c\u00f4ng, Tehran d\u1ecda bu\u1ed9c Israel \u2018tr\u1ea3 gi\u00e1 \u0111\u1eaft\u2019\"><picture><img decoding=\"async\" data-original=\"https:\/\/static-images.vnncdn.net\/vps_images_publish\/000001\/000003\/2026\/3\/28\/ha-tang-hat-nhan-iran-lai-bi-tan-cong-tehran-doa-buoc-israel-tra-gia-dat-196.jpg?width=0&#038;s=8Pe6rGXBFIodGTbhPRcWwQ\" data-srcset=\"https:\/\/static-images.vnncdn.net\/vps_images_publish\/000001\/000003\/2026\/3\/28\/ha-tang-hat-nhan-iran-lai-bi-tan-cong-tehran-doa-buoc-israel-tra-gia-dat-196.jpg?width=260&#038;s=_wNNttkfye8gteRrKCHA4A\" alt=\"H\u1ea1 t\u1ea7ng h\u1ea1t nh\u00e2n Iran l\u1ea1i b\u1ecb t\u1ea5n c\u00f4ng, Tehran d\u1ecda bu\u1ed9c Israel \u2018tr\u1ea3 gi\u00e1 \u0111\u1eaft\u2019\" src=\"https:\/\/static-images.vnncdn.net\/vps_images_publish\/000001\/000003\/2026\/3\/28\/ha-tang-hat-nhan-iran-lai-bi-tan-cong-tehran-doa-buoc-israel-tra-gia-dat-196.jpg?width=260&#038;s=_wNNttkfye8gteRrKCHA4A\"><\/picture><\/a> <\/p>\n<div>\n<p>L\u1ef1c l\u01b0\u1ee3ng Ph\u00f2ng v\u1ec7 Israel (IDF) v\u1eeba th\u1ef1c hi\u1ec7n v\u1ee5 kh\u00f4ng k\u00edch nh\u1eb1m v\u00e0o h\u1ea1 t\u1ea7ng h\u1ea1t nh\u00e2n c\u1ee7a Iran, bu\u1ed9c c\u00e1c nh\u00e0 ngo\u1ea1i giao c\u1ee7a Tehran ph\u1ea3i \u0111\u01b0a ra c\u1ea3nh b\u00e1o tr\u1ea3 \u0111\u0169a.<\/p>\n<\/p><\/div>\n<article data-vnnembed=\"true\" data-vnnembedtype=\"article\" data-vnnembedid=\"2501130\"><a href=\"http:\/\/vietnamnet.vn\/iaea-quan-ngai-ve-nha-may-hat-nhan-iran-tau-malaysia-duoc-qua-eo-bien-hormuz-2501130.html\" title=\"IAEA quan ng\u1ea1i v\u1ec1 nh\u00e0 m\u00e1y h\u1ea1t nh\u00e2n Iran, t\u00e0u Malaysia \u0111\u01b0\u1ee3c qua eo bi\u1ec3n Hormuz\"><picture><img decoding=\"async\" data-original=\"https:\/\/static-images.vnncdn.net\/vps_images_publish\/000001\/000003\/2026\/3\/27\/iaea-quan-ngai-ve-nha-may-hat-nhan-iran-tau-malaysia-duoc-qua-eo-bien-hormuz-2491.jpg?width=0&#038;s=keA5oKAre_CHHffkduoDOA\" data-srcset=\"https:\/\/static-images.vnncdn.net\/vps_images_publish\/000001\/000003\/2026\/3\/27\/iaea-quan-ngai-ve-nha-may-hat-nhan-iran-tau-malaysia-duoc-qua-eo-bien-hormuz-2491.jpg?width=260&#038;s=95GghfegdnW4OtwxFGsg_A\" alt=\"IAEA quan ng\u1ea1i v\u1ec1 nh\u00e0 m\u00e1y h\u1ea1t nh\u00e2n Iran, t\u00e0u Malaysia \u0111\u01b0\u1ee3c qua eo bi\u1ec3n Hormuz\" src=\"https:\/\/static-images.vnncdn.net\/vps_images_publish\/000001\/000003\/2026\/3\/27\/iaea-quan-ngai-ve-nha-may-hat-nhan-iran-tau-malaysia-duoc-qua-eo-bien-hormuz-2491.jpg?width=260&#038;s=95GghfegdnW4OtwxFGsg_A\"><\/picture><\/a> <\/p>\n<div>\n<p>C\u01a1 quan N\u0103ng l\u01b0\u1ee3ng nguy\u00ean t\u1eed qu\u1ed1c t\u1ebf (IAEA) b\u00e0y t\u1ecf lo ng\u1ea1i v\u1ec1 t\u00ecnh tr\u1ea1ng nh\u00e0 m\u00e1y \u0111i\u1ec7n h\u1ea1t nh\u00e2n Bushehr c\u1ee7a Tehran gi\u1eefa l\u00fac cu\u1ed9c xung \u0111\u1ed9t gi\u1eefa M\u1ef9, Israel v\u00e0 Iran v\u1eabn ch\u01b0a h\u1ea1 nhi\u1ec7t.<\/p>\n<\/p><\/div>\n<article data-vnnembed=\"true\" data-vnnembedtype=\"article\" data-vnnembedid=\"2500158\"><a href=\"http:\/\/vietnamnet.vn\/iran-to-my-va-israel-tan-cong-nha-may-hat-nhan-bushehr-2500158.html\" title=\"Iran t\u1ed1 M\u1ef9 v\u00e0 Israel t\u1ea5n c\u00f4ng nh\u00e0 m\u00e1y h\u1ea1t nh\u00e2n Bushehr\"><picture><img decoding=\"async\" data-original=\"https:\/\/static-images.vnncdn.net\/vps_images_publish\/000001\/000003\/2026\/3\/25\/iran-to-my-va-israel-tan-cong-nha-may-hat-nhan-bushehr-199.jpg?width=0&#038;s=Q_A5mGx-AZoem_ASTy_Bqw\" data-srcset=\"https:\/\/static-images.vnncdn.net\/vps_images_publish\/000001\/000003\/2026\/3\/25\/iran-to-my-va-israel-tan-cong-nha-may-hat-nhan-bushehr-199.jpg?width=260&#038;s=qRuhQrbM3_zWb7QhNDpRvw\" alt=\"Iran t\u1ed1 M\u1ef9 v\u00e0 Israel t\u1ea5n c\u00f4ng nh\u00e0 m\u00e1y h\u1ea1t nh\u00e2n Bushehr\" src=\"https:\/\/static-images.vnncdn.net\/vps_images_publish\/000001\/000003\/2026\/3\/25\/iran-to-my-va-israel-tan-cong-nha-may-hat-nhan-bushehr-199.jpg?width=260&#038;s=qRuhQrbM3_zWb7QhNDpRvw\"><\/picture><\/a> <\/p>\n<div>\n<p>T\u1ed5 ch\u1ee9c N\u0103ng l\u01b0\u1ee3ng nguy\u00ean t\u1eed Iran (AEOI) s\u00e1ng 25\/3 c\u00e1o bu\u1ed9c c\u00e1c l\u1ef1c l\u01b0\u1ee3ng M\u1ef9 v\u00e0 Israel \u0111\u00e3 t\u1ea5n c\u00f4ng nh\u00e0 m\u00e1y \u0111i\u1ec7n h\u1ea1t nh\u00e2n Bushehr c\u1ee7a Tehran.<\/p>\n<\/p><\/div>\n<\/p><\/div>\n<\/p><\/div>",
        "protected": false
    },
    "excerpt": {
        "rendered": "<p>Trong cu\u1ed9c ph\u1ecfng v\u1ea5n v\u1edbi h\u00e3ng truy\u1ec1n th\u00f4ng Al Jazeera h\u00f4m 30\/3, Ngo\u1ea1i tr\u01b0\u1edfng M\u1ef9 Rubio tuy\u00ean b\u1ed1 Iran ph\u1ea3i [&hellip;]<\/p>",
        "protected": false
    },
    "author": 5,
    "featured_media": 66743,
    "comment_status": "open",
    "ping_status": "open",
    "sticky": false,
    "template": "",
    "format": "standard",
    "meta": {
        "_acf_changed": false,
        "footnotes": ""
    },
    "categories": [
        95
    ],
    "tags": [],
    "class_list": [
        "post-66741",
        "post",
        "type-post",
        "status-publish",
        "format-standard",
        "has-post-thumbnail",
        "hentry",
        "category-tin-tuc-the-gioi-vi"
    ],
    "acf": [],
    "_links": {
        "self": [
            {
                "href": "https:\/\/hbbgroup.net\/en_us\/wp-json\/wp\/v2\/posts\/66741",
                "targetHints": {
                    "allow": [
                        "GET"
                    ]
                }
            }
        ],
        "collection": [
            {
                "href": "https:\/\/hbbgroup.net\/en_us\/wp-json\/wp\/v2\/posts"
            }
        ],
        "about": [
            {
                "href": "https:\/\/hbbgroup.net\/en_us\/wp-json\/wp\/v2\/types\/post"
            }
        ],
        "author": [
            {
                "embeddable": true,
                "href": "https:\/\/hbbgroup.net\/en_us\/wp-json\/wp\/v2\/users\/5"
            }
        ],
        "replies": [
            {
                "embeddable": true,
                "href": "https:\/\/hbbgroup.net\/en_us\/wp-json\/wp\/v2\/comments?post=66741"
            }
        ],
        "version-history": [
            {
                "count": 0,
                "href": "https:\/\/hbbgroup.net\/en_us\/wp-json\/wp\/v2\/posts\/66741\/revisions"
            }
        ],
        "wp:featuredmedia": [
            {
                "embeddable": true,
                "href": "https:\/\/hbbgroup.net\/en_us\/wp-json\/wp\/v2\/media\/66743"
            }
        ],
        "wp:attachment": [
            {
                "href": "https:\/\/hbbgroup.net\/en_us\/wp-json\/wp\/v2\/media?parent=66741"
            }
        ],
        "wp:term": [
            {
                "taxonomy": "category",
                "embeddable": true,
                "href": "https:\/\/hbbgroup.net\/en_us\/wp-json\/wp\/v2\/categories?post=66741"
            },
            {
                "taxonomy": "post_tag",
                "embeddable": true,
                "href": "https:\/\/hbbgroup.net\/en_us\/wp-json\/wp\/v2\/tags?post=66741"
            }
        ],
        "curies": [
            {
                "name": "wp",
                "href": "https:\/\/api.w.org\/{rel}",
                "templated": true
            }
        ]
    }
}