{
    "id": 65559,
    "date": "2026-03-26T10:00:27",
    "date_gmt": "2026-03-26T03:00:27",
    "guid": {
        "rendered": "https:\/\/hbbgroup.net\/my-muon-ukraine-rut-khoi-donbass-de-doi-lay-dam-bao-an-ninh\/"
    },
    "modified": "2026-03-26T10:23:28",
    "modified_gmt": "2026-03-26T03:23:28",
    "slug": "my-muon-ukraine-rut-khoi-donbass-de-doi-lay-dam-bao-an-ninh",
    "status": "publish",
    "type": "post",
    "link": "https:\/\/hbbgroup.net\/en_us\/my-muon-ukraine-rut-khoi-donbass-de-doi-lay-dam-bao-an-ninh\/",
    "title": {
        "rendered": "M\u1ef9 mu\u1ed1n Ukraine r\u00fat kh\u1ecfi Donbass \u0111\u1ec3 \u0111\u1ed5i l\u1ea5y \u0111\u1ea3m b\u1ea3o an ninh"
    },
    "content": {
        "rendered": "<div id=\"maincontent\">\n<p>Theo Kyiv Independent, T\u1ed5ng th\u1ed1ng <a href=\"https:\/\/vietnamnet.vn\/ukraine-tag18220395140699380479.html\" target=\"_blank\" rel=\"noopener\">Ukraine<\/a> Volodymyr Zelensky ng\u00e0y 25\/3 \u0111\u00e3 ti\u1ebft l\u1ed9 v\u1ec1 vi\u1ec7c M\u1ef9 y\u00eau c\u1ea7u Ukraine nh\u01b0\u1ee3ng l\u1ea1i to\u00e0n b\u1ed9 l\u00e3nh th\u1ed5 Donbass cho Nga \u0111\u1ec3 \u0111\u1ed5i l\u1ea5y \u0111\u1ea3m b\u1ea3o an ninh.<\/p>\n<p>&#8220;M\u1ef9 s\u1eb5n s\u00e0ng ho\u00e0n t\u1ea5t c\u00e1c \u0111\u1ea3m b\u1ea3o an ninh c\u1ea5p cao nh\u1ea5t m\u1ed9t khi Ukraine \u0111\u1ed3ng \u00fd r\u00fat qu\u00e2n kh\u1ecfi Donbass. R\u00f5 r\u00e0ng v\u1ea5n \u0111\u1ec1 Trung \u0110\u00f4ng \u0111\u00e3 \u1ea3nh h\u01b0\u1edfng t\u1edbi T\u1ed5ng th\u1ed1ng Trump v\u00e0 chi\u1ebfn l\u01b0\u1ee3c c\u1ee7a \u00f4ng \u1ea5y. Th\u1eadt kh\u00f4ng may l\u00e0 T\u1ed5ng th\u1ed1ng Trump \u0111\u00e3 l\u1ef1a ch\u1ecdn g\u00e2y th\u00eam \u00e1p l\u1ef1c l\u00ean Ukraine. T\u00f4i r\u1ea5t mong \u00f4ng \u1ea5y hi\u1ec3u r\u1eb1ng khu v\u1ef1c l\u00e3nh th\u1ed5 ph\u00eda \u0111\u00f4ng c\u1ee7a Ukraine ph\u1ea3i l\u00e0m m\u1ed9t ph\u1ea7n trong c\u00e1c \u0111\u1ea3m b\u1ea3o an ninh&#8221;, \u00f4ng Zelensky n\u00f3i v\u1edbi truy\u1ec1n th\u00f4ng Anh.<\/p>\n<figure data-vnnembed=\"true\" data-vnnembedtype=\"image\" data-vnnembedid=\"0139DI\"><picture><source media=\"--large\" data-srcset=\"https:\/\/static-images.vnncdn.net\/vps_images_publish\/000001\/000003\/2026\/3\/26\/trump-zelensky-epa-582.jpg?width=0&amp;s=swJR4a9BDxy_aKiAoN98WQ\" \/><img fetchpriority=\"high\" decoding=\"async\" class=\"aligncenter\" src=\"https:\/\/static-images.vnncdn.net\/vps_images_publish\/000001\/000003\/2026\/3\/26\/trump-zelensky-epa-582.jpg?width=260&amp;s=spX-GiVDIRpKqN_Qzqiy6A\" alt=\"trump zelensky EPA.jpg\" width=\"621\" height=\"488\" data-original=\"https:\/\/static-images.vnncdn.net\/vps_images_publish\/000001\/000003\/2026\/3\/26\/trump-zelensky-epa-582.jpg?width=0&amp;s=swJR4a9BDxy_aKiAoN98WQ\" data-srcset=\"https:\/\/static-images.vnncdn.net\/vps_images_publish\/000001\/000003\/2026\/3\/26\/trump-zelensky-epa-582.jpg?width=0&amp;s=swJR4a9BDxy_aKiAoN98WQ\" data-thumb-small-src=\"https:\/\/static-images.vnncdn.net\/vps_images_publish\/000001\/000003\/2026\/3\/26\/trump-zelensky-epa-582.jpg?width=260&amp;s=spX-GiVDIRpKqN_Qzqiy6A\" \/><\/picture><figcaption>T\u1ed5ng th\u1ed1ng M\u1ef9 Donald Trump (ph\u1ea3i) v\u00e0 T\u1ed5ng th\u1ed1ng Ukraine Volodymyr Zelensky. \u1ea2nh: EPA<\/figcaption><\/figure>\n<p>T\u1ed5ng th\u1ed1ng Zelensky nh\u1ea5n m\u1ea1nh, vi\u1ec7c Kiev r\u00fat qu\u00e2n kh\u1ecfi Donbass s\u1ebd l\u00e0m t\u1ed5n h\u1ea1i t\u1edbi an ninh c\u1ee7a c\u1ea3 Ukraine v\u00e0, r\u1ed9ng h\u01a1n, c\u1ea3 ch\u00e2u \u00c2u. Ngo\u00e0i ra, v\u1eabn c\u00f2n 2 v\u1ea5n \u0111\u1ec1 l\u1edbn ch\u01b0a \u0111\u01b0\u1ee3c l\u00e0m r\u00f5 li\u00ean quan \u0111\u1ebfn \u0111\u1ea3m b\u1ea3o an ninh. \u0110\u1ea7u ti\u00ean l\u00e0 ai s\u1ebd t\u00e0i tr\u1ee3 cho vi\u1ec7c mua v\u0169 kh\u00ed c\u1ee7a Ukraine \u0111\u1ec3 duy tr\u00ec kh\u1ea3 n\u0103ng r\u0103n \u0111e qu\u00e2n s\u1ef1 c\u1ee7a n\u01b0\u1edbc n\u00e0y? Hai l\u00e0 c\u00e1c \u0111\u1ed1i t\u00e1c c\u1ee7a Kiev s\u1ebd ph\u1ea3n \u1ee9ng c\u1ee5 th\u1ec3 ra sao n\u1ebfu Nga ti\u1ebfp t\u1ee5c g\u00e2y h\u1ea5n trong t\u01b0\u01a1ng lai?<\/p>\n<p>Hi\u1ec7n Nh\u00e0 Tr\u1eafng v\u1eabn ch\u01b0a \u0111\u01b0a ra b\u00ecnh lu\u1eadn v\u1ec1 ph\u00e1t bi\u1ec3u c\u1ee7a T\u1ed5ng th\u1ed1ng Zelensky. Gi\u1edbi quan s\u00e1t nh\u1eadn \u0111\u1ecbnh, kh\u00fac m\u1eafc l\u1edbn nh\u1ea5t gi\u1eefa Kiev v\u00e0 Moscow v\u1eabn l\u00e0 v\u1ec1 t\u01b0\u01a1ng lai c\u00e1c v\u00f9ng l\u00e3nh th\u1ed5 \u1edf Donbass. Ph\u00eda Ukraine cho r\u1eb1ng vi\u1ec7c &#8220;\u0111\u00f3ng b\u0103ng&#8221; chi\u1ebfn tuy\u1ebfn hi\u1ec7n t\u1ea1i l\u00e0 c\u01a1 s\u1edf th\u1ef1c t\u1ebf nh\u1ea5t cho m\u1ed9t l\u1ec7nh ng\u1eebng b\u1eafn \u1edf th\u1eddi \u0111i\u1ec3m n\u00e0y. Trong khi \u0111\u00f3, Nga ti\u1ebfp t\u1ee5c y\u00eau c\u1ea7u l\u1ef1c l\u01b0\u1ee3ng Ukraine r\u00fat kh\u1ecfi c\u00e1c khu v\u1ef1c \u1edf Donbass nh\u01b0 \u0111i\u1ec1u ki\u1ec7n ti\u00ean quy\u1ebft cho b\u1ea5t k\u1ef3 th\u1ecfa thu\u1eadn n\u00e0o.<\/p>\n<div id=\"vnn-editor-1774492601421\" data-temp=\"template20\">\n<article data-vnnembed=\"true\" data-vnnembedtype=\"article\" data-vnnembedid=\"2500471\"><a title=\"Nga b\u1eafn r\u01a1i g\u1ea7n 400 UAV Ukraine ch\u1ec9 trong m\u1ed9t \u0111\u00eam\" href=\"http:\/\/vietnamnet.vn\/nga-ban-roi-gan-400-uav-ukraine-chi-trong-mot-dem-2500471.html\"><picture><img decoding=\"async\" class=\"aligncenter\" src=\"https:\/\/static-images.vnncdn.net\/vps_images_publish\/000001\/000003\/2026\/3\/25\/nga-ban-roi-gan-400-uav-ukraine-chi-trong-mot-dem-3046.jpg?width=260&amp;s=XtNB7SpRe81oNzaPcNRfKw\" alt=\"Nga b\u1eafn r\u01a1i g\u1ea7n 400 UAV Ukraine ch\u1ec9 trong m\u1ed9t \u0111\u00eam\" width=\"616\" height=\"410\" data-original=\"https:\/\/static-images.vnncdn.net\/vps_images_publish\/000001\/000003\/2026\/3\/25\/nga-ban-roi-gan-400-uav-ukraine-chi-trong-mot-dem-3046.jpg?width=0&amp;s=tYAJ7mLuh5Mpy-mhkulrnA\" data-srcset=\"https:\/\/static-images.vnncdn.net\/vps_images_publish\/000001\/000003\/2026\/3\/25\/nga-ban-roi-gan-400-uav-ukraine-chi-trong-mot-dem-3046.jpg?width=260&amp;s=XtNB7SpRe81oNzaPcNRfKw\" \/><\/picture><\/a><\/p>\n<div>\n<p>B\u1ed9 Qu\u1ed1c ph\u00f2ng Nga cho bi\u1ebft c\u00e1c h\u1ec7 th\u1ed1ng ph\u00f2ng c\u1ee7a n\u01b0\u1edbc n\u00e0y \u0111\u00e3 b\u1eafn h\u1ea1 t\u1ed5ng c\u1ed9ng 389 m\u00e1y bay kh\u00f4ng ng\u01b0\u1eddi l\u00e1i (UAV) c\u1ee7a Ukraine tr\u00ean kh\u1eafp to\u00e0n qu\u1ed1c v\u00e0o \u0111\u00eam 24\/3, r\u1ea1ng s\u00e1ng 25\/3.<\/p>\n<\/div>\n<article data-vnnembed=\"true\" data-vnnembedtype=\"article\" data-vnnembedid=\"2500247\"><a title=\"Ukraine b\u1ecb kh\u00f4ng k\u00edch d\u1eef d\u1ed9i v\u00e0o ban ng\u00e0y, n\u1ed5 l\u1edbn \u1edf nhi\u1ec1u n\u01a1i\" href=\"http:\/\/vietnamnet.vn\/ukraine-bi-khong-kich-du-doi-vao-ban-ngay-no-o-nhieu-noi-2500247.html\"><picture><img decoding=\"async\" class=\"aligncenter\" src=\"https:\/\/static-images.vnncdn.net\/vps_images_publish\/000001\/000003\/2026\/3\/25\/ukraine-bi-khong-kich-du-doi-vao-ban-ngay-no-lon-o-nhieu-noi-876.jpg?width=260&amp;s=tPgzdargtpFkICUf7-APLw\" alt=\"Ukraine b\u1ecb kh\u00f4ng k\u00edch d\u1eef d\u1ed9i v\u00e0o ban ng\u00e0y, n\u1ed5 l\u1edbn \u1edf nhi\u1ec1u n\u01a1i\" width=\"608\" height=\"404\" data-original=\"https:\/\/static-images.vnncdn.net\/vps_images_publish\/000001\/000003\/2026\/3\/25\/ukraine-bi-khong-kich-du-doi-vao-ban-ngay-no-lon-o-nhieu-noi-876.jpg?width=0&amp;s=5YMU6aZICyL8WvXy3aNDAw\" data-srcset=\"https:\/\/static-images.vnncdn.net\/vps_images_publish\/000001\/000003\/2026\/3\/25\/ukraine-bi-khong-kich-du-doi-vao-ban-ngay-no-lon-o-nhieu-noi-876.jpg?width=260&amp;s=tPgzdargtpFkICUf7-APLw\" \/><\/picture><\/a><\/p>\n<div>\n<p>B\u1ed9 T\u1ed5ng tham m\u01b0u Ukraine cho bi\u1ebft Nga \u0111\u00e3 ph\u00f3ng g\u1ea7n 1.000 m\u00e1y bay kh\u00f4ng ng\u01b0\u1eddi l\u00e1i (UAV) v\u00e0o Ukraine trong v\u00f2ng 24 gi\u1edd, \u0111\u00e1nh d\u1ea5u m\u1ed9t trong nh\u1eefng cu\u1ed9c kh\u00f4ng k\u00edch l\u1edbn nh\u1ea5t c\u1ee7a Moscow k\u1ec3 t\u1eeb \u0111\u1ea7u xung \u0111\u1ed9t.<\/p>\n<\/div>\n<article data-vnnembed=\"true\" data-vnnembedtype=\"article\" data-vnnembedid=\"2500145\"><a title=\"Ukraine g\u1eb7p b\u1ea5t l\u1ee3i khi M\u1ef9 chuy\u1ec3n tr\u1ecdng t\u00e2m sang Trung \u0110\u00f4ng\" href=\"http:\/\/vietnamnet.vn\/ukraine-gap-bat-loi-khi-my-chuyen-trong-tam-sang-trung-dong-2500145.html\"><picture><img loading=\"lazy\" decoding=\"async\" class=\"aligncenter\" src=\"https:\/\/static-images.vnncdn.net\/vps_images_publish\/000001\/000003\/2026\/3\/25\/ukraine-gap-bat-loi-khi-my-chuyen-trong-tam-sang-trung-dong-75.jpg?width=260&amp;s=34_YSOnUanG2BTrhTXkdlQ\" alt=\"Ukraine g\u1eb7p b\u1ea5t l\u1ee3i khi M\u1ef9 chuy\u1ec3n tr\u1ecdng t\u00e2m sang Trung \u0110\u00f4ng\" width=\"643\" height=\"428\" data-original=\"https:\/\/static-images.vnncdn.net\/vps_images_publish\/000001\/000003\/2026\/3\/25\/ukraine-gap-bat-loi-khi-my-chuyen-trong-tam-sang-trung-dong-75.jpg?width=0&amp;s=_skqoVRasKUxL1wXA8tGkw\" data-srcset=\"https:\/\/static-images.vnncdn.net\/vps_images_publish\/000001\/000003\/2026\/3\/25\/ukraine-gap-bat-loi-khi-my-chuyen-trong-tam-sang-trung-dong-75.jpg?width=260&amp;s=34_YSOnUanG2BTrhTXkdlQ\" \/><\/picture><\/a><\/p>\n<div>\n<p>T\u1ed5ng th\u1ed1ng Zelensky cho r\u1eb1ng vi\u1ec7c M\u1ef9 chuy\u1ec3n tr\u1ecdng t\u00e2m sang v\u1ea5n \u0111\u1ec1 Iran c\u00f3 th\u1ec3 khi\u1ebfn Ukraine g\u1eb7p b\u1ea5t l\u1ee3i, \u0111\u1ed3ng th\u1eddi ti\u1ebfp th\u00eam \u0111\u1ed9ng l\u1ef1c cho Nga.<\/p>\n<\/div>\n<\/article>\n<\/article>\n<\/article>\n<\/div>\n<\/div>",
        "protected": false
    },
    "excerpt": {
        "rendered": "<p>Theo Kyiv Independent, T\u1ed5ng th\u1ed1ng Ukraine Volodymyr Zelensky ng\u00e0y 25\/3 \u0111\u00e3 ti\u1ebft l\u1ed9 v\u1ec1 vi\u1ec7c M\u1ef9 y\u00eau c\u1ea7u Ukraine nh\u01b0\u1ee3ng [&hellip;]<\/p>",
        "protected": false
    },
    "author": 5,
    "featured_media": 65560,
    "comment_status": "open",
    "ping_status": "open",
    "sticky": false,
    "template": "",
    "format": "standard",
    "meta": {
        "_acf_changed": false,
        "footnotes": ""
    },
    "categories": [
        95
    ],
    "tags": [],
    "class_list": [
        "post-65559",
        "post",
        "type-post",
        "status-publish",
        "format-standard",
        "has-post-thumbnail",
        "hentry",
        "category-tin-tuc-the-gioi-vi"
    ],
    "acf": [],
    "_links": {
        "self": [
            {
                "href": "https:\/\/hbbgroup.net\/en_us\/wp-json\/wp\/v2\/posts\/65559",
                "targetHints": {
                    "allow": [
                        "GET"
                    ]
                }
            }
        ],
        "collection": [
            {
                "href": "https:\/\/hbbgroup.net\/en_us\/wp-json\/wp\/v2\/posts"
            }
        ],
        "about": [
            {
                "href": "https:\/\/hbbgroup.net\/en_us\/wp-json\/wp\/v2\/types\/post"
            }
        ],
        "author": [
            {
                "embeddable": true,
                "href": "https:\/\/hbbgroup.net\/en_us\/wp-json\/wp\/v2\/users\/5"
            }
        ],
        "replies": [
            {
                "embeddable": true,
                "href": "https:\/\/hbbgroup.net\/en_us\/wp-json\/wp\/v2\/comments?post=65559"
            }
        ],
        "version-history": [
            {
                "count": 1,
                "href": "https:\/\/hbbgroup.net\/en_us\/wp-json\/wp\/v2\/posts\/65559\/revisions"
            }
        ],
        "predecessor-version": [
            {
                "id": 65689,
                "href": "https:\/\/hbbgroup.net\/en_us\/wp-json\/wp\/v2\/posts\/65559\/revisions\/65689"
            }
        ],
        "wp:featuredmedia": [
            {
                "embeddable": true,
                "href": "https:\/\/hbbgroup.net\/en_us\/wp-json\/wp\/v2\/media\/65560"
            }
        ],
        "wp:attachment": [
            {
                "href": "https:\/\/hbbgroup.net\/en_us\/wp-json\/wp\/v2\/media?parent=65559"
            }
        ],
        "wp:term": [
            {
                "taxonomy": "category",
                "embeddable": true,
                "href": "https:\/\/hbbgroup.net\/en_us\/wp-json\/wp\/v2\/categories?post=65559"
            },
            {
                "taxonomy": "post_tag",
                "embeddable": true,
                "href": "https:\/\/hbbgroup.net\/en_us\/wp-json\/wp\/v2\/tags?post=65559"
            }
        ],
        "curies": [
            {
                "name": "wp",
                "href": "https:\/\/api.w.org\/{rel}",
                "templated": true
            }
        ]
    }
}