{
    "id": 65347,
    "date": "2026-03-26T08:56:40",
    "date_gmt": "2026-03-26T01:56:40",
    "guid": {
        "rendered": "https:\/\/hbbgroup.net\/ng-zelensky-my-gy-suc-p-ve-dieu-kien-ha-bnh-ukraine\/"
    },
    "modified": "2026-03-26T08:56:40",
    "modified_gmt": "2026-03-26T01:56:40",
    "slug": "ng-zelensky-my-gy-suc-p-ve-dieu-kien-ha-bnh-ukraine",
    "status": "publish",
    "type": "post",
    "link": "https:\/\/hbbgroup.net\/en_us\/ng-zelensky-my-gy-suc-p-ve-dieu-kien-ha-bnh-ukraine\/",
    "title": {
        "rendered": "&Ocirc;ng Zelensky: M\u1ef9 g&acirc;y s\u1ee9c &eacute;p v\u1ec1 \u0111i\u1ec1u ki\u1ec7n h&ograve;a b&igrave;nh Ukraine"
    },
    "content": {
        "rendered": "<div data-role=\"content\" itemprop=\"articleBody\" data-io-article-url=\"https:\/\/thanhnien.vn\/ong-zelensky-my-gay-suc-ep-ve-dieu-kien-hoa-binh-ukraine-18526032608064529.htm\">\n<p class>Trong cu\u1ed9c ph\u1ecfng v\u1ea5n v\u1edbi Reuters ng\u00e0y 25.3, \u00f4ng <a href=\"https:\/\/thanhnien.vn\/zelensky.html\" target=\"_blank\" title=\"Zelensky\">Zelensky<\/a> cho hay: &#8220;M\u1ef9 s\u1eb5n s\u00e0ng ho\u00e0n t\u1ea5t c\u00e1c \u0111\u1ea3m b\u1ea3o an ninh \u1edf c\u1ea5p cao m\u1ed9t khi <a href=\"https:\/\/thanhnien.vn\/ukraine.html\" target=\"_blank\" title=\"UKRAINE\">Ukraine<\/a> s\u1eb5n s\u00e0ng r\u00fat qu\u00e2n kh\u1ecfi <a href=\"https:\/\/thanhnien.vn\/donbass.html\" target=\"_blank\" title=\"DONBASS\">Donbass<\/a>&#8220;.<\/p>\n<figure type=\"Photo\">\n<p><img loading=\"lazy\" decoding=\"async\" data-author id =\"img_213816744272818176\" w=\"2560\" h=\"1708\" alt=\" - \u1ea2nh 1.\" title=\" - \u1ea2nh 1.\" rel=\"lightbox\" photoid=\"213816744272818176\" src=\"https:\/\/images2.thanhnien.vn\/528068263637045248\/2026\/3\/26\/2026-03-25t174702z1620503661rc2obka6it09rtrmadp3ukraine-crisis-zelenskiy-17744869623501546050013.jpg\" type=\"photo\" data-is-alt-modified=\"true\" width=\"2560\" height=\"1708\" ><\/p><figcaption><grammarly-extension data-grammarly-shadow-root=\"true\"><\/grammarly-extension><grammarly-extension data-grammarly-shadow-root=\"true\"><\/grammarly-extension><\/p>\n<p data-placeholder=\"Nh\u1eadp ch\u00fa th\u00edch \u1ea3nh\" spellcheck=\"false\">T\u1ed5ng th\u1ed1ng Ukraine Volodymyr Zelensky ph\u00e1t bi\u1ec3u trong cu\u1ed9c ph\u1ecfng v\u1ea5n v\u1edbi Reuters ng\u00e0y 25.3.2026<\/p>\n<\/figcaption><p data-placeholder=\"Nh\u1eadp t\u00e1c gi\u1ea3\" class>\u1ea2NH: REUTERS<\/p>\n<\/figure>\n<p class>M\u1ef9 \u0111ang th\u00fac \u0111\u1ea9y ch\u1ea5m d\u1ee9t nhanh cu\u1ed9c xung \u0111\u1ed9t k\u00e9o d\u00e0i t\u1eeb n\u0103m 2022, trong b\u1ed1i c\u1ea3nh Washington ph\u1ea3i x\u1eed l\u00fd c\u0103ng th\u1eb3ng t\u1ea1i Trung \u0110\u00f4ng. \u00d4ng Zelensky nh\u1eadn \u0111\u1ecbnh c\u00e1ch ti\u1ebfp c\u1eadn n\u00e0y \u0111\u1ed3ng ngh\u0129a gia t\u0103ng \u00e1p l\u1ef1c l\u00ean Ukraine.<\/p>\n<p class>&#8220;Trung \u0110\u00f4ng ch\u1eafc ch\u1eafn c\u00f3 t\u00e1c \u0111\u1ed9ng \u0111\u1ebfn T\u1ed5ng th\u1ed1ng M\u1ef9 <a href=\"https:\/\/thanhnien.vn\/donald-trump.html\" target=\"_blank\" title=\"Donald Trump\">Donald Trump<\/a>, v\u00e0 t\u00f4i ngh\u0129 l\u00e0 c\u1ea3 nh\u1eefng b\u01b0\u1edbc \u0111i ti\u1ebfp theo c\u1ee7a \u00f4ng \u1ea5y. Theo t\u00f4i, th\u1eadt kh\u00f4ng may l\u00e0 T\u1ed5ng th\u1ed1ng Trump v\u1eabn l\u1ef1a ch\u1ecdn chi\u1ebfn l\u01b0\u1ee3c g\u00e2y th\u00eam \u00e1p l\u1ef1c l\u00ean ph\u00eda Ukraine&#8221;, \u00f4ng n\u00f3i.<\/p>\n<p class>Hi\u1ec7n c\u00f3 v\u00f2ng \u0111\u00e0m ph\u00e1n gi\u1eefa M\u1ef9, Nga v\u00e0 Ukraine \u0111\u00e3 di\u1ec5n ra trong n\u0103m nay, song nhi\u1ec1u v\u1ea5n \u0111\u1ec1 then ch\u1ed1t v\u1eabn b\u1ebf t\u1eafc, \u0111\u1eb7c bi\u1ec7t l\u00e0 c\u00e1c \u0111\u1ea3m b\u1ea3o an ninh d\u00e0i h\u1ea1n cho Kyiv. Theo \u00f4ng Zelensky, hai c\u00e2u h\u1ecfi l\u1edbn ch\u01b0a c\u00f3 l\u1eddi gi\u1ea3i l\u00e0 ngu\u1ed3n t\u00e0i tr\u1ee3 v\u0169 kh\u00ed v\u00e0 ph\u1ea3n \u1ee9ng c\u1ee7a \u0111\u1ed3ng minh n\u1ebfu Nga t\u00e1i t\u1ea5n c\u00f4ng.<\/p>\n<div type=\"VideoStream\" embed-type=\"4\" data-width=\"600px\" data-height=\"400px\" data-vid=\"thanhnien.mediacdn.vn\/325084952045817856\/2026\/3\/25\/nga-bat-dau-dot-tan-cong-moi-ukraine-lo-tac-dong-tu-cuoc-chien-iran-1774452296529953237104.mp4\" data-info=\"204e143b5264ec18235981bdf4a4509e\" data-autoplay=\"false\" data-removedlogo=\"false\" data-location data-displaymode=\"0\" data-thumb=\"https:\/\/thanhnien.mediacdn.vn\/325084952045817856\/2026\/3\/25\/base64-1774458612057777246764.jpeg\" data-contentid data-namespace=\"thanhnien\" data-originalid videoid=\"213744068385329152\">\n<p class data-placeholder=\"nh\u1eadp ch\u00fa th\u00edch\">Nga b\u1eaft \u0111\u1ea7u \u0111\u1ee3t t\u1ea5n c\u00f4ng m\u1edbi, Ukraine lo t\u00e1c \u0111\u1ed9ng t\u1eeb cu\u1ed9c chi\u1ebfn Iran<\/p>\n<\/div>\n<p class>\u00d4ng Zelensky n\u00f3i th\u00eam r\u1eb1ng v\u0103n ki\u1ec7n M\u1ef9 &#8211; Ukraine v\u1ec1 \u0111\u1ea3m b\u1ea3o an ninh \u0111\u00e3 &#8220;ho\u00e0n thi\u1ec7n 100%&#8221; v\u00e0o th\u00e1ng 1, nh\u01b0ng v\u1eabn c\u1ea7n ch\u1ec9nh s\u1eeda th\u00eam sau cu\u1ed9c \u0111\u00e0m ph\u00e1n gi\u1eefa c\u00e1c quan ch\u1ee9c M\u1ef9 v\u00e0 Ukraine t\u1ea1i Miami (bang Florida, M\u1ef9) g\u1ea7n \u0111\u00e2y.<\/p>\n<p class>L\u00e3nh \u0111\u1ea1o Ukraine c\u1ea3nh b\u00e1o vi\u1ec7c r\u00fat qu\u00e2n kh\u1ecfi Donbass s\u1ebd l\u00e0m suy y\u1ebfu n\u0103ng l\u1ef1c ph\u00f2ng th\u1ee7, \u1ea3nh h\u01b0\u1edfng tr\u1ef1c ti\u1ebfp \u0111\u1ebfn an ninh c\u1ee7a Ukraine v\u00e0 ch\u00e2u \u00c2u. Trong khi \u0111\u00f3, Nga coi vi\u1ec7c ki\u1ec3m so\u00e1t to\u00e0n b\u1ed9 khu v\u1ef1c n\u00e0y l\u00e0 m\u1ee5c ti\u00eau c\u1ed1t l\u00f5i v\u00e0 s\u1eb5n s\u00e0ng ti\u1ebfp t\u1ee5c theo \u0111u\u1ed5i c\u1ea3 tr\u00ean chi\u1ebfn tr\u01b0\u1eddng l\u1eabn b\u00e0n \u0111\u00e0m ph\u00e1n.<\/p>\n<p class>Tuy nhi\u00ean, t\u1ed1c \u0111\u1ed9 ti\u1ebfn qu\u00e2n c\u1ee7a Nga trong 2 n\u0103m qua kh\u00e1 ch\u1eadm. C\u00e1c nh\u00e0 ph\u00e2n t\u00edch qu\u00e2n s\u1ef1 nh\u1eadn \u0111\u1ecbnh c\u00f3 th\u1ec3 s\u1ebd m\u1ea5t m\u1ed9t th\u1eddi gian d\u00e0i v\u00e0 m\u1ed9t l\u01b0\u1ee3ng nh\u00e2n l\u1ef1c \u0111\u00e1ng k\u1ec3 \u0111\u1ec3 ki\u1ec3m so\u00e1t to\u00e0n b\u1ed9 Donbass.<\/p>\n<p class>Tuy nhi\u00ean, \u00f4ng Zelensky c\u0169ng \u0111\u1eb7t nghi v\u1ea5n Nga c\u00f3 s\u1eb5n s\u00e0ng hy sinh th\u00eam binh s\u0129 \u0111\u1ec3 ki\u1ec3m so\u00e1t khu v\u1ef1c Donbass hay kh\u00f4ng.<\/p>\n<p class>V\u00f2ng \u0111\u00e0m ph\u00e1n gi\u1eefa quan ch\u1ee9c 3 b\u00ean ti\u1ebfp theo \u0111\u00e3 b\u1ecb ho\u00e3n do xung \u0111\u1ed9t Iran, l\u00e0m gia t\u0103ng lo ng\u1ea1i ti\u1ebfn tr\u00ecnh h\u00f2a b\u00ecnh ti\u1ebfp t\u1ee5c \u0111\u00ecnh tr\u1ec7. \u00d4ng Zelensky cho r\u1eb1ng m\u1ed9t h\u1ed9i ngh\u1ecb th\u01b0\u1ee3ng \u0111\u1ec9nh gi\u1eefa l\u00e3nh \u0111\u1ea1o M\u1ef9, Nga v\u00e0 Ukraine c\u00f3 th\u1ec3 l\u00e0 ch\u00eca kh\u00f3a \u0111\u1ec3 gi\u1ea3i quy\u1ebft c\u00e1c v\u1ea5n \u0111\u1ec1 c\u00f2n t\u1ed3n \u0111\u1ecdng.<\/p>\n<p class>Trong khi \u0111\u00f3, Ukraine v\u1eabn ph\u1ee5 thu\u1ed9c \u0111\u00e1ng k\u1ec3 v\u00e0o h\u1ed7 tr\u1ee3 qu\u00e2n s\u1ef1 t\u1eeb M\u1ef9, \u0111\u1eb7c bi\u1ec7t l\u00e0 h\u1ec7 th\u1ed1ng ph\u00f2ng kh\u00f4ng <a href=\"https:\/\/thanhnien.vn\/patriot.html\" target=\"_blank\" title=\"PATRIOT\">Patriot<\/a>, d\u00f9 ngu\u1ed3n cung c\u00f2n h\u1ea1n ch\u1ebf.<\/p>\n<p class>Hi\u1ec7n ph\u00eda M\u1ef9 v\u00e0 Nga ch\u01b0a b\u00ecnh lu\u1eadn v\u1ec1 tuy\u00ean b\u1ed1 c\u1ee7a \u00f4ng Zelensky.<\/p>\n<\/p><\/div>",
        "protected": false
    },
    "excerpt": {
        "rendered": "<p>Trong cu\u1ed9c ph\u1ecfng v\u1ea5n v\u1edbi Reuters ng\u00e0y 25.3, \u00f4ng Zelensky cho hay: &#8220;M\u1ef9 s\u1eb5n s\u00e0ng ho\u00e0n t\u1ea5t c\u00e1c \u0111\u1ea3m b\u1ea3o [&hellip;]<\/p>",
        "protected": false
    },
    "author": 5,
    "featured_media": 65348,
    "comment_status": "open",
    "ping_status": "open",
    "sticky": false,
    "template": "",
    "format": "standard",
    "meta": {
        "_acf_changed": false,
        "footnotes": ""
    },
    "categories": [
        95
    ],
    "tags": [],
    "class_list": [
        "post-65347",
        "post",
        "type-post",
        "status-publish",
        "format-standard",
        "has-post-thumbnail",
        "hentry",
        "category-tin-tuc-the-gioi-vi"
    ],
    "acf": [],
    "_links": {
        "self": [
            {
                "href": "https:\/\/hbbgroup.net\/en_us\/wp-json\/wp\/v2\/posts\/65347",
                "targetHints": {
                    "allow": [
                        "GET"
                    ]
                }
            }
        ],
        "collection": [
            {
                "href": "https:\/\/hbbgroup.net\/en_us\/wp-json\/wp\/v2\/posts"
            }
        ],
        "about": [
            {
                "href": "https:\/\/hbbgroup.net\/en_us\/wp-json\/wp\/v2\/types\/post"
            }
        ],
        "author": [
            {
                "embeddable": true,
                "href": "https:\/\/hbbgroup.net\/en_us\/wp-json\/wp\/v2\/users\/5"
            }
        ],
        "replies": [
            {
                "embeddable": true,
                "href": "https:\/\/hbbgroup.net\/en_us\/wp-json\/wp\/v2\/comments?post=65347"
            }
        ],
        "version-history": [
            {
                "count": 0,
                "href": "https:\/\/hbbgroup.net\/en_us\/wp-json\/wp\/v2\/posts\/65347\/revisions"
            }
        ],
        "wp:featuredmedia": [
            {
                "embeddable": true,
                "href": "https:\/\/hbbgroup.net\/en_us\/wp-json\/wp\/v2\/media\/65348"
            }
        ],
        "wp:attachment": [
            {
                "href": "https:\/\/hbbgroup.net\/en_us\/wp-json\/wp\/v2\/media?parent=65347"
            }
        ],
        "wp:term": [
            {
                "taxonomy": "category",
                "embeddable": true,
                "href": "https:\/\/hbbgroup.net\/en_us\/wp-json\/wp\/v2\/categories?post=65347"
            },
            {
                "taxonomy": "post_tag",
                "embeddable": true,
                "href": "https:\/\/hbbgroup.net\/en_us\/wp-json\/wp\/v2\/tags?post=65347"
            }
        ],
        "curies": [
            {
                "name": "wp",
                "href": "https:\/\/api.w.org\/{rel}",
                "templated": true
            }
        ]
    }
}