{
    "id": 62944,
    "date": "2026-03-10T09:51:35",
    "date_gmt": "2026-03-10T02:51:35",
    "guid": {
        "rendered": "https:\/\/hbbgroup.net\/tho-nhi-ky-cao-buoc-ten-lua-iran-xam-nhap-khong-phan\/"
    },
    "modified": "2026-03-10T09:51:35",
    "modified_gmt": "2026-03-10T02:51:35",
    "slug": "tho-nhi-ky-cao-buoc-ten-lua-iran-xam-nhap-khong-phan",
    "status": "publish",
    "type": "post",
    "link": "https:\/\/hbbgroup.net\/en_us\/tho-nhi-ky-cao-buoc-ten-lua-iran-xam-nhap-khong-phan\/",
    "title": {
        "rendered": "Th\u1ed5 Nh\u0129 K\u1ef3 c\u00e1o bu\u1ed9c t\u00ean l\u1eeda Iran x\u00e2m nh\u1eadp kh\u00f4ng ph\u1eadn"
    },
    "content": {
        "rendered": "<div>\n<ul data-campaign=\"Header\">\n<li><a data-medium=\"Menu-TheGioi\" href=\"http:\/\/vnexpress.net\/the-gioi\" title=\"Th\u1ebf gi\u1edbi\">Th\u1ebf gi\u1edbi<\/a><\/li>\n<li><a data-medium=\"Menu-QuanSu\" href=\"http:\/\/vnexpress.net\/the-gioi\/quan-su\" title=\"Qu\u00e2n s\u1ef1\">Qu\u00e2n s\u1ef1<\/a><\/li>\n<p>\t<span id=\"parentCateDetail\" data-cate=\"1003925\"><\/span> <span id=\"site-sub-id\" data-cate=\"1003925\"><\/span> <\/ul>\n<p><span>Th\u1ee9 ba, 10\/3\/2026, 08:53 (GMT+7)<\/span> <\/p>\n<\/div>\n<p>Th\u1ed5 Nh\u0129 K\u1ef3 n\u00f3i r\u1eb1ng t\u00ean l\u1eeda \u0111\u1ea1n \u0111\u1ea1o ph\u00f3ng t\u1eeb Iran \u0111\u00e3 bay v\u00e0o kh\u00f4ng ph\u1eadn n\u01b0\u1edbc n\u00e0y, tr\u01b0\u1edbc khi b\u1ecb l\u01b0\u1edbi ph\u00f2ng kh\u00f4ng NATO b\u1eafn h\u1ea1.<\/p>\n<p>&#8220;NATO m\u1ed9t l\u1ea7n n\u1eefa \u0111\u00e1nh ch\u1eb7n t\u00ean l\u1eeda h\u01b0\u1edbng v\u1ec1 Th\u1ed5 Nh\u0129 K\u1ef3. Ch\u00fang t\u00f4i ki\u00ean quy\u1ebft b\u1ea3o v\u1ec7 t\u1ea5t c\u1ea3 th\u00e0nh vi\u00ean li\u00ean minh tr\u01b0\u1edbc m\u1ecdi m\u1ed1i \u0111e d\u1ecda&#8221;, ng\u01b0\u1eddi ph\u00e1t ng\u00f4n NATO Allison Hart cho bi\u1ebft h\u00f4m 9\/3.<\/p>\n<p>B\u1ed9 Qu\u1ed1c ph\u00f2ng Th\u1ed5 Nh\u0129 K\u1ef3 c\u00f9ng ng\u00e0y x\u00e1c nh\u1eadn m\u1ed9t t\u00ean l\u1eeda \u0111\u1ea1n \u0111\u1ea1o ph\u00f3ng t\u1eeb Iran \u0111\u00e3 b\u1ecb NATO b\u1eafn h\u1ea1, khi\u1ebfn m\u1ea3nh v\u1ee1 r\u01a1i xu\u1ed1ng c\u00e1nh \u0111\u1ed3ng tr\u1ed1ng \u1edf t\u1ec9nh Gaziantep. Khu v\u1ef1c n\u00e0y n\u1eb1m gi\u1eefa s\u00e2n bay qu\u00e2n s\u1ef1 Incirlik, m\u1ed9t trong nh\u1eefng c\u0103n c\u1ee9 kh\u00f4ng qu\u00e2n chi\u1ebfn l\u01b0\u1ee3c c\u1ee7a M\u1ef9 \u1edf n\u01b0\u1edbc ngo\u00e0i v\u1edbi h\u00e0ng ngh\u00ecn binh s\u0129 \u0111\u1ed3n tr\u00fa, v\u00e0 \u0111\u00e0i radar c\u1ea3nh gi\u1edbi c\u1ee7a NATO \u1edf t\u1ec9nh Malatya.<\/p>\n<p>&#8220;Qu\u1ea3 \u0111\u1ea1n bay v\u00e0o kh\u00f4ng ph\u1eadn Th\u1ed5 Nh\u0129 K\u1ef3, tr\u01b0\u1edbc khi b\u1ecb v\u00f4 hi\u1ec7u h\u00f3a b\u1edfi kh\u00ed t\u00e0i ph\u00f2ng kh\u00f4ng NATO \u1edf ph\u00eda \u0111\u00f4ng \u0110\u1ecba Trung H\u1ea3i. Ch\u00fang t\u00f4i s\u1ebd d\u1ee9t kho\u00e1t th\u1ef1c hi\u1ec7n t\u1ea5t c\u1ea3 bi\u1ec7n ph\u00e1p c\u1ea7n thi\u1ebft nh\u1eb1m \u0111\u1ed1i ph\u00f3 m\u1ed1i \u0111e d\u1ecda nh\u1eafm v\u00e0o l\u00e3nh th\u1ed5 v\u00e0 kh\u00f4ng ph\u1eadn c\u1ee7a m\u00ecnh&#8221;, c\u01a1 quan n\u00e0y cho hay, th\u00eam r\u1eb1ng kh\u00f4ng c\u00f3 th\u01b0\u01a1ng vong trong s\u1ef1 vi\u1ec7c.<\/p>\n<figure data-size=\"true\" itemprop=\"associatedMedia image\" itemscope itemtype=\"http:\/\/schema.org\/ImageObject\"> <meta itemprop=\"url\" content=\"https:\/\/vcdn1-vnexpress.vnecdn.net\/2026\/03\/10\/AFP-20260309-A2J24CQ-v1-HighRe-3863-5991-1773104482.jpg?w=0&#038;h=0&#038;q=100&#038;dpr=2&#038;fit=crop&#038;s=TiKrTvOPpfcOPBeLpxpgrA\"> <meta itemprop=\"width\" content=\"680\"> <meta itemprop=\"height\" content=\"453.33333333333\"> <meta itemprop=\"href\" content> <\/p>\n<div data-width=\"680\"><picture><source data-srcset=\"https:\/\/vcdn1-vnexpress.vnecdn.net\/2026\/03\/10\/AFP-20260309-A2J24CQ-v1-HighRe-3863-5991-1773104482.jpg?w=680&#038;h=0&#038;q=100&#038;dpr=1&#038;fit=crop&#038;s=GFe2FDClFx7vsqmTAC2vOQ 1x, https:\/\/vcdn1-vnexpress.vnecdn.net\/2026\/03\/10\/AFP-20260309-A2J24CQ-v1-HighRe-3863-5991-1773104482.jpg?w=1020&#038;h=0&#038;q=100&#038;dpr=1&#038;fit=crop&#038;s=VIGavrJZTnpQvTma_DiGoQ 1.5x, https:\/\/vcdn1-vnexpress.vnecdn.net\/2026\/03\/10\/AFP-20260309-A2J24CQ-v1-HighRe-3863-5991-1773104482.jpg?w=680&#038;h=0&#038;q=100&#038;dpr=2&#038;fit=crop&#038;s=NqdXeWpVsIOsOtZCt6Vmlw 2x\"><img decoding=\"async\" itemprop=\"contentUrl\" loading=\"lazy\" intrinsicsize=\"680x0\" alt=\"M\u1ed9t ph\u1ea7n c\u1ee7a t\u00ean l\u1eeda \u0111\u1ea1n \u0111\u1ea1o th\u1ee9 hai c\u1ee7a Iran b\u1ecb NATO \u0111\u00e1nh ch\u1eb7n trong kh\u00f4ng ph\u1eadn Th\u1ed5 Nh\u0129 K\u1ef3 ng\u00e0y 9\/3 do h\u00e3ng th\u00f4ng t\u1ea5n DHA c\u00f4ng b\u1ed1. \u1ea2nh: AFP\" src=\"https:\/\/vcdn1-vnexpress.vnecdn.net\/2026\/03\/10\/AFP-20260309-A2J24CQ-v1-HighRe-3863-5991-1773104482.jpg?w=680&#038;h=0&#038;q=100&#038;dpr=1&#038;fit=crop&#038;s=GFe2FDClFx7vsqmTAC2vOQ\" previous-src=\"https:\/\/vcdn1-vnexpress.vnecdn.net\/2026\/03\/10\/AFP-20260309-A2J24CQ-v1-HighRe-3863-5991-1773104482.jpg?w=680&#038;h=0&#038;q=100&#038;dpr=1&#038;fit=crop&#038;s=GFe2FDClFx7vsqmTAC2vOQ\"> <\/picture><\/div><figcaption itemprop=\"description\">\n<p>M\u1ea3nh t\u00ean l\u1eeda r\u01a1i xu\u1ed1ng Th\u1ed5 Nh\u0129 K\u1ef3 trong \u1ea3nh c\u00f4ng b\u1ed1 h\u00f4m 9\/3. \u1ea2nh: <em>AFP<\/em><\/p>\n<\/figcaption><\/figure>\n<p>\u0110\u00e2y l\u00e0 l\u1ea7n th\u1ee9 hai NATO b\u1eafn h\u1ea1 t\u00ean l\u1eeda \u0111\u1ea1n \u0111\u1ea1o ph\u00f3ng t\u1eeb Iran k\u1ec3 t\u1eeb khi xung \u0111\u1ed9t Trung \u0110\u00f4ng b\u00f9ng ph\u00e1t h\u00f4m 28\/2. Tuy nhi\u00ean, \u0111\u00e2y l\u00e0 l\u1ea7n \u0111\u1ea7u Th\u1ed5 Nh\u0129 K\u1ef3 c\u00e1o bu\u1ed9c t\u00ean l\u1eeda bay v\u00e0o v\u00f9ng tr\u1eddi n\u01b0\u1edbc n\u00e0y, thay v\u00ec b\u1ecb \u0111\u00e1nh ch\u1eb7n t\u1eeb ngo\u00e0i kh\u00f4ng ph\u1eadn nh\u01b0 l\u1ea7n tr\u01b0\u1edbc.<\/p>\n<p>T\u1ed5ng th\u1ed1ng Tayyip Erdogan ng\u00e0y 9\/3 cho bi\u1ebft Th\u1ed5 Nh\u0129 K\u1ef3 \u0111\u00e3 \u0111\u01b0a ra nh\u1eefng c\u1ea3nh b\u00e1o c\u1ea7n thi\u1ebft cho Iran sau v\u1ee5 ph\u00f3ng t\u00ean l\u1eeda. &#8220;H\u1ecd ti\u1ebfp t\u1ee5c c\u00f3 nh\u1eefng b\u01b0\u1edbc \u0111i sai l\u1ea7m v\u00e0 khi\u00eau kh\u00edch&#8221;, \u00f4ng n\u00f3i sau cu\u1ed9c h\u1ecdp n\u1ed9i c\u00e1c \u1edf Ankara.<\/p>\n<p>\u00d4ng Erdogan nh\u1ea5n m\u1ea1nh Th\u1ed5 Nh\u0129 K\u1ef3 s\u1ebd ti\u1ebfp t\u1ee5c th\u1ef1c hi\u1ec7n c\u00e1c bi\u1ec7n ph\u00e1p b\u1ed5 sung sau khi tri\u1ec3n khai 6 ti\u00eam k\u00edch F-16 \u0111\u1ebfn ph\u00eda b\u1eafc \u0111\u1ea3o Cyprus, \u0111\u1ed3ng th\u1eddi kh\u1eb3ng \u0111\u1ecbnh m\u1ee5c ti\u00eau ch\u00ednh c\u1ee7a Ankara l\u00e0 &#8220;tr\u00e1nh kh\u1ecfi ng\u1ecdn l\u1eeda xung \u0111\u1ed9t&#8221;.<\/p>\n<p>Truy\u1ec1n th\u00f4ng Iran \u0111\u01b0a tin T\u1ed5ng th\u1ed1ng Masoud Pezeshkian \u0111\u00e3 \u0111i\u1ec7n \u0111\u00e0m v\u1edbi ng\u01b0\u1eddi \u0111\u1ed3ng c\u1ea5p Th\u1ed5 Nh\u0129 K\u1ef3 v\u00e0 \u0111\u1ec1 ngh\u1ecb ti\u1ebfn h\u00e0nh cu\u1ed9c \u0111i\u1ec1u tra chung. Iran tr\u01b0\u1edbc \u0111\u00f3 nhi\u1ec1u l\u1ea7n tuy\u00ean b\u1ed1 kh\u00f4ng g\u00e2y chi\u1ebfn v\u1edbi c\u00e1c n\u01b0\u1edbc trong khu v\u1ef1c v\u00e0 kh\u00f4ng nh\u1eafm m\u1ee5c ti\u00eau tr\u1ef1c ti\u1ebfp v\u00e0o Th\u1ed5 Nh\u0129 K\u1ef3.<\/p>\n<p><strong>Thanh T\u00e2m<\/strong> (Theo <em>AFP, Reuters<\/em>)<\/p>\n<p><span id=\"article-end\"><\/span>     <\/p>",
        "protected": false
    },
    "excerpt": {
        "rendered": "<p>Th\u1ebf gi\u1edbi Qu\u00e2n s\u1ef1 Th\u1ee9 ba, 10\/3\/2026, 08:53 (GMT+7) Th\u1ed5 Nh\u0129 K\u1ef3 n\u00f3i r\u1eb1ng t\u00ean l\u1eeda \u0111\u1ea1n \u0111\u1ea1o ph\u00f3ng t\u1eeb [&hellip;]<\/p>",
        "protected": false
    },
    "author": 5,
    "featured_media": 62945,
    "comment_status": "open",
    "ping_status": "open",
    "sticky": false,
    "template": "",
    "format": "standard",
    "meta": {
        "_acf_changed": false,
        "footnotes": ""
    },
    "categories": [
        95
    ],
    "tags": [],
    "class_list": [
        "post-62944",
        "post",
        "type-post",
        "status-publish",
        "format-standard",
        "has-post-thumbnail",
        "hentry",
        "category-tin-tuc-the-gioi-vi"
    ],
    "acf": [],
    "_links": {
        "self": [
            {
                "href": "https:\/\/hbbgroup.net\/en_us\/wp-json\/wp\/v2\/posts\/62944",
                "targetHints": {
                    "allow": [
                        "GET"
                    ]
                }
            }
        ],
        "collection": [
            {
                "href": "https:\/\/hbbgroup.net\/en_us\/wp-json\/wp\/v2\/posts"
            }
        ],
        "about": [
            {
                "href": "https:\/\/hbbgroup.net\/en_us\/wp-json\/wp\/v2\/types\/post"
            }
        ],
        "author": [
            {
                "embeddable": true,
                "href": "https:\/\/hbbgroup.net\/en_us\/wp-json\/wp\/v2\/users\/5"
            }
        ],
        "replies": [
            {
                "embeddable": true,
                "href": "https:\/\/hbbgroup.net\/en_us\/wp-json\/wp\/v2\/comments?post=62944"
            }
        ],
        "version-history": [
            {
                "count": 0,
                "href": "https:\/\/hbbgroup.net\/en_us\/wp-json\/wp\/v2\/posts\/62944\/revisions"
            }
        ],
        "wp:featuredmedia": [
            {
                "embeddable": true,
                "href": "https:\/\/hbbgroup.net\/en_us\/wp-json\/wp\/v2\/media\/62945"
            }
        ],
        "wp:attachment": [
            {
                "href": "https:\/\/hbbgroup.net\/en_us\/wp-json\/wp\/v2\/media?parent=62944"
            }
        ],
        "wp:term": [
            {
                "taxonomy": "category",
                "embeddable": true,
                "href": "https:\/\/hbbgroup.net\/en_us\/wp-json\/wp\/v2\/categories?post=62944"
            },
            {
                "taxonomy": "post_tag",
                "embeddable": true,
                "href": "https:\/\/hbbgroup.net\/en_us\/wp-json\/wp\/v2\/tags?post=62944"
            }
        ],
        "curies": [
            {
                "name": "wp",
                "href": "https:\/\/api.w.org\/{rel}",
                "templated": true
            }
        ]
    }
}