{
    "id": 61959,
    "date": "2026-02-27T09:56:06",
    "date_gmt": "2026-02-27T02:56:06",
    "guid": {
        "rendered": "https:\/\/hbbgroup.net\/chu-tich-cuba-ra-tuyen-bo-cung-ran-sau-vu-dung-do-tau-cao-toc-treo-co-my\/"
    },
    "modified": "2026-02-27T09:56:06",
    "modified_gmt": "2026-02-27T02:56:06",
    "slug": "chu-tich-cuba-ra-tuyen-bo-cung-ran-sau-vu-dung-do-tau-cao-toc-treo-co-my",
    "status": "publish",
    "type": "post",
    "link": "https:\/\/hbbgroup.net\/en_us\/chu-tich-cuba-ra-tuyen-bo-cung-ran-sau-vu-dung-do-tau-cao-toc-treo-co-my\/",
    "title": {
        "rendered": "Ch\u1ee7 t\u1ecbch Cuba ra tuy\u00ean b\u1ed1 c\u1ee9ng r\u1eafn sau v\u1ee5 \u0111\u1ee5ng \u0111\u1ed9 t\u00e0u cao t\u1ed1c treo c\u1edd M\u1ef9"
    },
    "content": {
        "rendered": "<div id=\"maincontent\">\n<p>Theo TASS, Ch\u1ee7 t\u1ecbch Cuba Miguel Diaz-Canel ng\u00e0y 26\/2 \u0111\u00e3 l\u00ean ti\u1ebfng v\u1ec1 vi\u1ec7c l\u1ef1c l\u01b0\u1ee3ng tu\u1ea7n duy\u00ean <a href=\"https:\/\/vietnamnet.vn\/cuba-tag13735727294583164900.html\" target=\"_blank\">Cuba<\/a> b\u1eafn h\u1ea1 4 tay s\u00fang tr\u00ean m\u1ed9t t\u00e0u cao t\u1ed1c \u0111\u0103ng k\u00fd \u1edf bang Florida (M\u1ef9) m\u1ed9t ng\u00e0y tr\u01b0\u1edbc \u0111\u00f3.<\/p>\n<p>&#8220;Cuba s\u1ebd kh\u00f4ng t\u1ea5n c\u00f4ng hay \u0111e d\u1ecda b\u1ea5t k\u1ef3 qu\u1ed1c gia n\u00e0o, ch\u00fang t\u00f4i \u0111\u00e3 nhi\u1ec1u l\u1ea7n kh\u1eb3ng \u0111\u1ecbnh l\u1eadp tr\u01b0\u1eddng c\u1ee7a m\u00ecnh. Nh\u01b0ng Cuba s\u1ebd t\u1ef1 v\u1ec7 m\u1ed9t c\u00e1ch ki\u00ean quy\u1ebft v\u00e0 c\u1ee9ng r\u1eafn tr\u01b0\u1edbc m\u1ecdi h\u00e0nh vi g\u00e2y h\u1ea5n c\u00f3 th\u1ec3 l\u00e0m t\u1ed5n h\u1ea1i \u0111\u1ebfn ch\u1ee7 quy\u1ec1n v\u00e0 s\u1ef1 \u1ed5n \u0111\u1ecbnh c\u1ee7a \u0111\u1ea5t n\u01b0\u1edbc&#8221;, \u00f4ng Diaz-Canel cho bi\u1ebft.<\/p>\n<figure data-vnnembed=\"true\" data-vnnembedtype=\"image\" data-vnnembedid=\"012JW9\"><picture><source data-srcset=\"https:\/\/static-images.vnncdn.net\/vps_images_publish\/000001\/000003\/2026\/2\/27\/1372245-tass-371.jpg?width=0&#038;s=g4gFw3dibGVi1HwB5TUSsw\" media=\"--large\"><img decoding=\"async\" data-original=\"https:\/\/static-images.vnncdn.net\/vps_images_publish\/000001\/000003\/2026\/2\/27\/1372245-tass-371.jpg?width=0&#038;s=g4gFw3dibGVi1HwB5TUSsw\" data-srcset=\"https:\/\/static-images.vnncdn.net\/vps_images_publish\/000001\/000003\/2026\/2\/27\/1372245-tass-371.jpg?width=0&#038;s=g4gFw3dibGVi1HwB5TUSsw\" alt=\"1372245 tass.jpg\" data-thumb-small-src=\"https:\/\/static-images.vnncdn.net\/vps_images_publish\/000001\/000003\/2026\/2\/27\/1372245-tass-371.jpg?width=260&#038;s=wLKdmfZY2RNliGGndKcz6Q\" src=\"https:\/\/static-images.vnncdn.net\/vps_images_publish\/000001\/000003\/2026\/2\/27\/1372245-tass-371.jpg?width=260&#038;s=wLKdmfZY2RNliGGndKcz6Q\"><\/picture><figcaption>Ch\u1ee7 t\u1ecbch Cuba Miguel Diaz-Canel. \u1ea2nh: TASS<\/figcaption><\/figure>\n<p>C\u00f9ng ng\u00e0y, B\u1ed9 tr\u01b0\u1edfng Ngo\u1ea1i giao Cuba Bruno Rodriguez Parrilla nh\u1ea5n m\u1ea1nh r\u1eb1ng &#8220;vi\u1ec7c b\u1ea3o v\u1ec7 \u0111\u01b0\u1eddng b\u1edd bi\u1ec3n, l\u00e3nh th\u1ed5 v\u00e0 an ninh qu\u1ed1c gia l\u00e0 tr\u00e1ch nhi\u1ec7m kh\u00f4ng th\u1ec3 tho\u00e1i th\u00e1c c\u1ee7a ch\u00ednh quy\u1ec1n La Havana&#8221;. Hi\u1ec7n ch\u00ednh ph\u1ee7 Cuba \u0111ang th\u1ef1c hi\u1ec7n m\u1ed9t cu\u1ed9c \u0111i\u1ec1u tra to\u00e0n di\u1ec7n v\u1ec1 v\u1ee5 \u0111\u1ee5ng \u0111\u1ed9 \u1edf t\u1ec9nh Villa Clara.<\/p>\n<p>V\u00e0o ng\u00e0y 25\/2, l\u1ef1c l\u01b0\u1ee3ng tu\u1ea7n duy\u00ean Cuba \u0111\u00e3 \u0111\u1ee5ng \u0111\u1ed9 v\u1edbi m\u1ed9t t\u00e0u cao t\u1ed1c treo c\u1edd M\u1ef9 mang s\u1ed1 hi\u1ec7u FL7726SH \u1edf b\u1edd bi\u1ec3n ph\u00eda b\u1eafc Villa Clara. V\u1ee5 \u0111\u1ea5u s\u00fang sau \u0111\u00f3 khi\u1ebfn 4 ng\u01b0\u1eddi thi\u1ec7t m\u1ea1ng v\u00e0 6 ng\u01b0\u1eddi kh\u00e1c b\u1ecb th\u01b0\u01a1ng. La Havana hi\u1ec7n \u0111\u00e3 nh\u1eadn d\u1ea1ng \u0111\u01b0\u1ee3c danh t\u00ednh c\u1ee7a ng\u01b0\u1eddi thi\u1ec7t m\u1ea1ng \u0111\u1ea7u ti\u00ean, 3 ng\u01b0\u1eddi c\u00f2n l\u1ea1i v\u1eabn \u0111ang \u0111\u01b0\u1ee3c x\u00e1c minh.<\/p>\n<p>&#8220;C\u00e1c nghi ph\u1ea1m bao g\u1ed3m c\u00f4ng d\u00e2n Cuba, m\u1ed9t s\u1ed1 xu\u1ea5t hi\u1ec7n trong danh s\u00e1ch b\u1ecb truy n\u00e3, 6 ng\u01b0\u1eddi s\u1ed1ng s\u00f3t \u0111ang \u0111\u01b0\u1ee3c ch\u0103m s\u00f3c y t\u1ebf. B\u00ean c\u1ea1nh \u0111\u00f3, m\u1ed9t nghi ph\u1ea1m ng\u01b0\u1eddi Cuba kh\u00e1c c\u0169ng b\u1ecb b\u1eaft gi\u1eef trong n\u01b0\u1edbc v\u00ec c\u00f3 li\u00ean quan \u0111\u1ebfn v\u1ee5 vi\u1ec7c&#8221;, ph\u00eda Cuba th\u00f4ng tin.<\/p>\n<p>V\u1ec1 ph\u00eda M\u1ef9, Ngo\u1ea1i tr\u01b0\u1edfng Marco Rubio n\u00f3i Washington s\u1ebd th\u1ef1c hi\u1ec7n m\u1ed9t cu\u1ed9c \u0111i\u1ec1u tra \u0111\u1ed9c l\u1eadp v\u1ec1 v\u1ee5 vi\u1ec7c, nh\u1ea5n m\u1ea1nh kh\u00f4ng c\u00f3 nh\u00e2n vi\u00ean ch\u00ednh ph\u1ee7 M\u1ef9 n\u00e0o li\u00ean quan.<\/p>\n<div id=\"vnn-editor-1772156736330\" data-temp=\"template20\">\n<article data-vnnembed=\"true\" data-vnnembedtype=\"article\" data-vnnembedid=\"2492837\"><a href=\"http:\/\/vietnamnet.vn\/ngoai-truong-my-len-tieng-ve-vu-dau-sung-o-vung-bien-cuba-2492837.html\" title=\"Ngo\u1ea1i tr\u01b0\u1edfng M\u1ef9 l\u00ean ti\u1ebfng v\u1ec1 v\u1ee5 \u0111\u1ea5u s\u00fang \u1edf v\u00f9ng bi\u1ec3n Cuba\"><picture><img decoding=\"async\" data-original=\"https:\/\/static-images.vnncdn.net\/vps_images_publish\/000001\/000003\/2026\/2\/26\/ngoai-truong-my-len-tieng-ve-vu-dau-sung-o-vung-bien-cuba-939.jpg?width=0&#038;s=RqGNw-Gz5TNGhwuTaC3mAQ\" data-srcset=\"https:\/\/static-images.vnncdn.net\/vps_images_publish\/000001\/000003\/2026\/2\/26\/ngoai-truong-my-len-tieng-ve-vu-dau-sung-o-vung-bien-cuba-939.jpg?width=260&#038;s=nvWfVl4J-W6-DOhu57CM2A\" alt=\"Ngo\u1ea1i tr\u01b0\u1edfng M\u1ef9 l\u00ean ti\u1ebfng v\u1ec1 v\u1ee5 \u0111\u1ea5u s\u00fang \u1edf v\u00f9ng bi\u1ec3n Cuba\" src=\"https:\/\/static-images.vnncdn.net\/vps_images_publish\/000001\/000003\/2026\/2\/26\/ngoai-truong-my-len-tieng-ve-vu-dau-sung-o-vung-bien-cuba-939.jpg?width=260&#038;s=nvWfVl4J-W6-DOhu57CM2A\"><\/picture><\/a> <\/p>\n<div>\n<p>Ngo\u1ea1i tr\u01b0\u1edfng M\u1ef9 Marco Rubio \u0111\u00e3 ph\u1ee7 nh\u1eadn b\u1ea5t k\u1ef3 s\u1ef1 li\u00ean quan n\u00e0o c\u1ee7a ch\u00ednh ph\u1ee7 n\u01b0\u1edbc n\u00e0y v\u1edbi v\u1ee5 \u0111\u1ea5u s\u00fang ch\u1ebft ng\u01b0\u1eddi gi\u1eefa l\u1ef1c l\u01b0\u1ee3ng tu\u1ea7n duy\u00ean Cuba v\u00e0 m\u1ed9t t\u00e0u cao t\u1ed1c mang c\u1edd M\u1ef9.<\/p>\n<\/p><\/div>\n<article data-vnnembed=\"true\" data-vnnembedtype=\"article\" data-vnnembedid=\"2492781\"><a href=\"http:\/\/vietnamnet.vn\/tuan-duyen-cuba-ban-ha-4-tay-sung-tren-tau-cao-toc-treo-co-my-2492781.html\" title=\"Tu\u1ea7n duy\u00ean Cuba b\u1eafn h\u1ea1 4 tay s\u00fang tr\u00ean t\u00e0u cao t\u1ed1c treo c\u1edd M\u1ef9\"><picture><img decoding=\"async\" data-original=\"https:\/\/static-images.vnncdn.net\/vps_images_publish\/000001\/000003\/2026\/2\/26\/tuan-duyen-cuba-ban-ha-4-tay-sung-tren-tau-cao-toc-treo-co-my-310.jpg?width=0&#038;s=fxYB5Fk3D2yH6g22NDjeaw\" data-srcset=\"https:\/\/static-images.vnncdn.net\/vps_images_publish\/000001\/000003\/2026\/2\/26\/tuan-duyen-cuba-ban-ha-4-tay-sung-tren-tau-cao-toc-treo-co-my-310.jpg?width=260&#038;s=bMzGrRhtCmyNalKxqobfDw\" alt=\"Tu\u1ea7n duy\u00ean Cuba b\u1eafn h\u1ea1 4 tay s\u00fang tr\u00ean t\u00e0u cao t\u1ed1c treo c\u1edd M\u1ef9\" src=\"https:\/\/static-images.vnncdn.net\/vps_images_publish\/000001\/000003\/2026\/2\/26\/tuan-duyen-cuba-ban-ha-4-tay-sung-tren-tau-cao-toc-treo-co-my-310.jpg?width=260&#038;s=bMzGrRhtCmyNalKxqobfDw\"><\/picture><\/a> <\/p>\n<div>\n<p>L\u1ef1c l\u01b0\u1ee3ng tu\u1ea7n duy\u00ean Cuba \u0111\u00e3 b\u1eafn h\u1ea1 4 tay s\u00fang tr\u00ean m\u1ed9t t\u00e0u cao t\u1ed1c \u0111\u01b0\u1ee3c \u0111\u0103ng k\u00fd t\u1ea1i M\u1ef9, sau khi ph\u01b0\u01a1ng ti\u1ec7n n\u00e0y n\u1ed5 s\u00fang tr\u01b0\u1edbc v\u00e0o m\u1ed9t t\u00e0u tu\u1ea7n tra c\u1ee7a La Havana.<\/p>\n<\/p><\/div>\n<article data-vnnembed=\"true\" data-vnnembedtype=\"article\" data-vnnembedid=\"2488363\"><a href=\"http:\/\/vietnamnet.vn\/chu-tich-cuba-lam-ro-dieu-kien-tien-hanh-doi-thoai-voi-my-2488363.html\" title=\"Ch\u1ee7 t\u1ecbch Cuba l\u00e0m r\u00f5 \u0111i\u1ec1u ki\u1ec7n ti\u1ebfn h\u00e0nh \u0111\u1ed1i tho\u1ea1i v\u1edbi M\u1ef9\"><picture><img decoding=\"async\" data-original=\"https:\/\/static-images.vnncdn.net\/vps_images_publish\/000001\/000003\/2026\/2\/6\/chu-tich-cuba-lam-ro-dieu-kien-tien-hanh-doi-thoai-voi-my-444.jpg?width=0&#038;s=_zJfQZyQ3agGtPqjCxfFFw\" data-srcset=\"https:\/\/static-images.vnncdn.net\/vps_images_publish\/000001\/000003\/2026\/2\/6\/chu-tich-cuba-lam-ro-dieu-kien-tien-hanh-doi-thoai-voi-my-444.jpg?width=260&#038;s=fepBtQt12wm5i5n6FZVqHQ\" alt=\"Ch\u1ee7 t\u1ecbch Cuba l\u00e0m r\u00f5 \u0111i\u1ec1u ki\u1ec7n ti\u1ebfn h\u00e0nh \u0111\u1ed1i tho\u1ea1i v\u1edbi M\u1ef9\" src=\"https:\/\/static-images.vnncdn.net\/vps_images_publish\/000001\/000003\/2026\/2\/6\/chu-tich-cuba-lam-ro-dieu-kien-tien-hanh-doi-thoai-voi-my-444.jpg?width=260&#038;s=fepBtQt12wm5i5n6FZVqHQ\"><\/picture><\/a> <\/p>\n<div>\n<p>Ch\u00ednh ph\u1ee7 Cuba \u0111\u00e3 l\u00e0m r\u00f5 \u0111i\u1ec1u ki\u1ec7n \u0111\u1ed1i tho\u1ea1i v\u1edbi M\u1ef9, \u0111\u1ed3ng th\u1eddi ti\u1ebft l\u1ed9 v\u1ec1 k\u1ebf ho\u1ea1ch \u1ee9ng ph\u00f3 t\u00ecnh tr\u1ea1ng thi\u1ebfu nhi\u00ean li\u1ec7u tr\u01b0\u1edbc s\u1ee9c \u00e9p c\u1ee7a Washington.<\/p>\n<\/p><\/div>\n<\/p><\/div>\n<\/p><\/div>",
        "protected": false
    },
    "excerpt": {
        "rendered": "<p>Theo TASS, Ch\u1ee7 t\u1ecbch Cuba Miguel Diaz-Canel ng\u00e0y 26\/2 \u0111\u00e3 l\u00ean ti\u1ebfng v\u1ec1 vi\u1ec7c l\u1ef1c l\u01b0\u1ee3ng tu\u1ea7n duy\u00ean Cuba b\u1eafn [&hellip;]<\/p>",
        "protected": false
    },
    "author": 5,
    "featured_media": 61961,
    "comment_status": "open",
    "ping_status": "open",
    "sticky": false,
    "template": "",
    "format": "standard",
    "meta": {
        "_acf_changed": false,
        "footnotes": ""
    },
    "categories": [
        95
    ],
    "tags": [],
    "class_list": [
        "post-61959",
        "post",
        "type-post",
        "status-publish",
        "format-standard",
        "has-post-thumbnail",
        "hentry",
        "category-tin-tuc-the-gioi-vi"
    ],
    "acf": [],
    "_links": {
        "self": [
            {
                "href": "https:\/\/hbbgroup.net\/en_us\/wp-json\/wp\/v2\/posts\/61959",
                "targetHints": {
                    "allow": [
                        "GET"
                    ]
                }
            }
        ],
        "collection": [
            {
                "href": "https:\/\/hbbgroup.net\/en_us\/wp-json\/wp\/v2\/posts"
            }
        ],
        "about": [
            {
                "href": "https:\/\/hbbgroup.net\/en_us\/wp-json\/wp\/v2\/types\/post"
            }
        ],
        "author": [
            {
                "embeddable": true,
                "href": "https:\/\/hbbgroup.net\/en_us\/wp-json\/wp\/v2\/users\/5"
            }
        ],
        "replies": [
            {
                "embeddable": true,
                "href": "https:\/\/hbbgroup.net\/en_us\/wp-json\/wp\/v2\/comments?post=61959"
            }
        ],
        "version-history": [
            {
                "count": 0,
                "href": "https:\/\/hbbgroup.net\/en_us\/wp-json\/wp\/v2\/posts\/61959\/revisions"
            }
        ],
        "wp:featuredmedia": [
            {
                "embeddable": true,
                "href": "https:\/\/hbbgroup.net\/en_us\/wp-json\/wp\/v2\/media\/61961"
            }
        ],
        "wp:attachment": [
            {
                "href": "https:\/\/hbbgroup.net\/en_us\/wp-json\/wp\/v2\/media?parent=61959"
            }
        ],
        "wp:term": [
            {
                "taxonomy": "category",
                "embeddable": true,
                "href": "https:\/\/hbbgroup.net\/en_us\/wp-json\/wp\/v2\/categories?post=61959"
            },
            {
                "taxonomy": "post_tag",
                "embeddable": true,
                "href": "https:\/\/hbbgroup.net\/en_us\/wp-json\/wp\/v2\/tags?post=61959"
            }
        ],
        "curies": [
            {
                "name": "wp",
                "href": "https:\/\/api.w.org\/{rel}",
                "templated": true
            }
        ]
    }
}