{
    "id": 51277,
    "date": "2025-10-10T10:02:11",
    "date_gmt": "2025-10-10T03:02:11",
    "guid": {
        "rendered": "https:\/\/hbbgroup.net\/tu-nhan-palestine-la-lan-ranh-do-cua-israel-khi-trao-doi-con-tin-voi-hamas\/"
    },
    "modified": "2025-10-10T10:02:11",
    "modified_gmt": "2025-10-10T03:02:11",
    "slug": "tu-nhan-palestine-la-lan-ranh-do-cua-israel-khi-trao-doi-con-tin-voi-hamas",
    "status": "publish",
    "type": "post",
    "link": "https:\/\/hbbgroup.net\/en_us\/tu-nhan-palestine-la-lan-ranh-do-cua-israel-khi-trao-doi-con-tin-voi-hamas\/",
    "title": {
        "rendered": "T\u00f9 nh\u00e2n Palestine l\u00e0 &#8216;l\u1eb1n ranh \u0111\u1ecf&#8217; c\u1ee7a Israel khi trao \u0111\u1ed5i con tin v\u1edbi Hamas"
    },
    "content": {
        "rendered": "<p>Trong s\u1ed1 t\u00f9 nh\u00e2n Hamas mu\u1ed1n Israel trao tr\u1ea3 c\u00f3 \u00f4ng Barghouti, th\u1ee7 l\u0129nh ch\u00ednh tr\u1ecb c\u00f3 th\u1ec3 thay \u0111\u1ed5i b\u1ed1i c\u1ea3nh ch\u00ednh tr\u1ecb khu v\u1ef1c, khi\u1ebfn Tel Aviv d\u00e8 ch\u1eebng.<\/p>\n<p>T\u1ed5ng th\u1ed1ng M\u1ef9 Donald Trump ng\u00e0y 8\/10 th\u00f4ng b\u00e1o Israel v\u00e0 Hamas \u0111\u00e3 nh\u1ea5t tr\u00ed &#8220;giai \u0111o\u1ea1n \u0111\u1ea7u ti\u00ean&#8221; trong k\u1ebf ho\u1ea1ch h\u00f2a b\u00ecnh Gaza \u0111\u01b0\u1ee3c \u00f4ng th\u00fac \u0111\u1ea9y, sau nhi\u1ec1u ng\u00e0y \u0111\u00e0m ph\u00e1n t\u1ea1i Ai C\u1eadp. Theo trung gian Qatar, c\u00e1c b\u00ean \u0111\u00e3 nh\u1ea5t tr\u00ed v\u1ec1 t\u1ea5t c\u1ea3 \u0111i\u1ec1u kho\u1ea3n c\u1ee7a giai \u0111o\u1ea1n, g\u1ed3m ch\u1ea5m d\u1ee9t giao tranh, tr\u1ea3 t\u1ef1 do cho con tin v\u00e0 t\u00f9 nh\u00e2n Palestine, \u0111\u01b0a vi\u1ec7n tr\u1ee3 nh\u00e2n \u0111\u1ea1o v\u00e0o Gaza.<\/p>\n<p>Hamas \u0111ang gi\u1eef kho\u1ea3ng 48 con tin Israel, trong \u0111\u00f3 kho\u1ea3ng 20 ng\u01b0\u1eddi \u0111\u01b0\u1ee3c cho l\u00e0 v\u1eabn c\u00f2n s\u1ed1ng. Nh\u00f3m d\u1ef1 ki\u1ebfn trao tr\u1ea3 to\u00e0n b\u1ed9 con tin c\u00f2n s\u1ed1ng tr\u01b0\u1edbc, trong khi thi th\u1ec3 nh\u1eefng con tin \u0111\u00e3 ch\u1ebft s\u1ebd \u0111\u01b0\u1ee3c b\u00e0n giao theo t\u1eebng giai \u0111o\u1ea1n sau n\u00e0y. \u0110\u1ed5i l\u1ea1i, Israel d\u1ef1 ki\u1ebfn tr\u1ea3 t\u1ef1 do cho kho\u1ea3ng 2.000 t\u00f9 nh\u00e2n Palestine.<\/p>\n<p>C\u00e1c ngu\u1ed3n th\u1ea1o tin cho bi\u1ebft trong s\u1ed1 t\u00f9 nh\u00e2n Hamas mu\u1ed1n Israel trao tr\u1ea3 c\u00f3 Marwan Barghouti, th\u1ee7 l\u0129nh 66 tu\u1ed5i c\u1ee7a phong tr\u00e0o Fatah, \u0111\u01b0\u1ee3c coi l\u00e0 l\u00e3nh \u0111\u1ea1o ti\u1ec1m n\u0103ng c\u1ee7a Nh\u00e0 n\u01b0\u1edbc Palestine. Nh\u01b0ng v\u1edbi Israel, Barghouti l\u00e0 &#8220;l\u1eb1n ranh \u0111\u1ecf&#8221;, b\u1edfi tr\u1ea3 t\u1ef1 do cho t\u00f9 nh\u00e2n n\u00e0y c\u00f3 th\u1ec3 thay \u0111\u1ed5i c\u00e1n c\u00e2n ch\u00ednh tr\u1ecb t\u1ea1i khu v\u1ef1c.<\/p>\n<figure data-size=\"true\" itemprop=\"associatedMedia image\" itemscope itemtype=\"http:\/\/schema.org\/ImageObject\"> <meta itemprop=\"url\" content=\"https:\/\/vcdn1-vnexpress.vnecdn.net\/2025\/10\/09\/AFP-20021105-APP2001012002186-8718-6512-1760004103.jpg?w=0&#038;h=0&#038;q=100&#038;dpr=2&#038;fit=crop&#038;s=G4UUqzkFSvp6H7jFuFocuQ\"> <meta itemprop=\"width\" content=\"680\"> <meta itemprop=\"height\" content=\"479.29964982491\"> <meta itemprop=\"href\" content> <\/p>\n<div data-width=\"680\"><picture><source data-srcset=\"https:\/\/vcdn1-vnexpress.vnecdn.net\/2025\/10\/09\/AFP-20021105-APP2001012002186-8718-6512-1760004103.jpg?w=680&#038;h=0&#038;q=100&#038;dpr=1&#038;fit=crop&#038;s=0uO_MjqSUV_qIy_CM87L2w 1x, https:\/\/vcdn1-vnexpress.vnecdn.net\/2025\/10\/09\/AFP-20021105-APP2001012002186-8718-6512-1760004103.jpg?w=1020&#038;h=0&#038;q=100&#038;dpr=1&#038;fit=crop&#038;s=3JqUwe9KplgxVgl1joXJNA 1.5x, https:\/\/vcdn1-vnexpress.vnecdn.net\/2025\/10\/09\/AFP-20021105-APP2001012002186-8718-6512-1760004103.jpg?w=680&#038;h=0&#038;q=100&#038;dpr=2&#038;fit=crop&#038;s=un-L88khu_1fq6ivjbJBYg 2x\"><img decoding=\"async\" itemprop=\"contentUrl\" loading=\"lazy\" intrinsicsize=\"680x0\" alt=\"Th\u1ee7 l\u0129nh phong tr\u00e0o Fatah Marwan Barghouti ph\u00e1t bi\u1ec3u t\u1ea1i B\u1edd T\u00e2y th\u00e1ng 1\/2001. \u1ea2nh: AFP\" src=\"https:\/\/vcdn1-vnexpress.vnecdn.net\/2025\/10\/09\/AFP-20021105-APP2001012002186-8718-6512-1760004103.jpg?w=680&#038;h=0&#038;q=100&#038;dpr=1&#038;fit=crop&#038;s=0uO_MjqSUV_qIy_CM87L2w\" previous-src=\"https:\/\/vcdn1-vnexpress.vnecdn.net\/2025\/10\/09\/AFP-20021105-APP2001012002186-8718-6512-1760004103.jpg?w=680&#038;h=0&#038;q=100&#038;dpr=1&#038;fit=crop&#038;s=0uO_MjqSUV_qIy_CM87L2w\"> <\/picture><\/div><figcaption itemprop=\"description\">\n<p>Th\u1ee7 l\u0129nh phong tr\u00e0o Fatah Marwan Barghouti ph\u00e1t bi\u1ec3u t\u1ea1i B\u1edd T\u00e2y th\u00e1ng 1\/2001. \u1ea2nh: <em>AFP<\/em><\/p>\n<\/figcaption><\/figure>\n<p>Barghouti sinh th\u00e1ng 6\/1959 t\u1ea1i l\u00e0ng Kobar, g\u1ea7n th\u00e0nh ph\u1ed1 Ramallah \u1edf B\u1edd T\u00e2y, khi \u0111\u00f3 c\u00f2n n\u1eb1m d\u01b0\u1edbi s\u1ef1 ki\u1ec3m so\u00e1t c\u1ee7a Jordan. N\u0103m 1967, binh s\u0129 Israel \u0111\u1ea9y l\u00f9i l\u1ef1c l\u01b0\u1ee3ng Jordan kh\u1ecfi B\u1edd T\u00e2y trong Cu\u1ed9c chi\u1ebfn 6 ng\u00e0y v\u00e0 b\u1eaft \u0111\u1ea7u chi\u1ebfm \u0111\u00f3ng v\u00f9ng l\u00e3nh th\u1ed5.<\/p>\n<p>Barghouti tham gia phong tr\u00e0o b\u1ea5t b\u1ea1o \u0111\u1ed9ng ph\u1ea3n \u0111\u1ed1i Israel t\u1eeb khi c\u00f2n \u0111i h\u1ecdc. Nh\u1eadn ra con \u0111\u01b0\u1eddng n\u00e0y kh\u00f4ng th\u1ec3 ch\u1ea5m d\u1ee9t t\u00ecnh tr\u1ea1ng chi\u1ebfm \u0111\u00f3ng, n\u0103m 15 tu\u1ed5i, \u00f4ng gia nh\u1eadp Fatah, phong tr\u00e0o ch\u00ednh tr\u1ecb h\u00e0ng \u0111\u1ea7u c\u1ee7a Palestine v\u00e0 b\u1ecb Israel c\u1ea5m ho\u1ea1t \u0111\u1ed9ng.<\/p>\n<p>N\u0103m 1978, Barghouti b\u1ecb l\u1ef1c l\u01b0\u1ee3ng Israel b\u1eaft v\u1edbi c\u00e1o bu\u1ed9c l\u00e0 th\u00e0nh vi\u00ean c\u1ee7a m\u1ed9t t\u1ed5 ch\u1ee9c v\u0169 trang Palestine v\u00e0 ng\u1ed3i t\u00f9 h\u01a1n 4 n\u0103m. \u00d4ng tranh th\u1ee7 h\u1ecdc ti\u1ebfng Do Th\u00e1i trong th\u1eddi gian n\u00e0y.<\/p>\n<p>Sau khi \u0111\u01b0\u1ee3c tr\u1ea3 t\u1ef1 do n\u0103m 1983, Barghouti theo h\u1ecdc ng\u00e0nh l\u1ecbch s\u1eed v\u00e0 khoa h\u1ecdc ch\u00ednh tr\u1ecb t\u1ea1i \u0110\u1ea1i h\u1ecdc Birzeit \u1edf B\u1edd T\u00e2y. \u00d4ng ti\u1ebfp t\u1ee5c ho\u1ea1t \u0111\u1ed9ng ch\u00ednh tr\u1ecb, t\u1ed5 ch\u1ee9c c\u00e1c cu\u1ed9c bi\u1ec3u t\u00ecnh c\u1ee7a sinh vi\u00ean, g\u00e2y d\u1ef1ng l\u1ef1c l\u01b0\u1ee3ng \u1ee7ng h\u1ed9 Fatah trong gi\u1edbi thanh ni\u00ean Palestine.<\/p>\n<p>N\u0103m 1987, khi phong tr\u00e0o n\u1ed5i d\u1eady (intifada) l\u1ea7n th\u1ee9 nh\u1ea5t c\u1ee7a ng\u01b0\u1eddi Palestine b\u00f9ng n\u1ed5, Israel tr\u1ee5c xu\u1ea5t Barghouti sang Jordan. \u00d4ng kh\u00f4ng th\u1ec3 tr\u1edf l\u1ea1i B\u1edd T\u00e2y cho \u0111\u1ebfn khi Israel v\u00e0 T\u1ed5 ch\u1ee9c Gi\u1ea3i ph\u00f3ng Palestine (PLO), trong \u0111\u00f3 Fatah l\u00e0 phong tr\u00e0o d\u1eabn d\u1eaft, k\u00fd Hi\u1ec7p \u01b0\u1edbc Oslo ch\u1ea5m d\u1ee9t chi\u1ebfn s\u1ef1.<\/p>\n<p>Barghouti v\u1ec1 B\u1edd T\u00e2y n\u0103m 1994 v\u00e0 t\u1ed1t nghi\u1ec7p \u0111\u1ea1i h\u1ecdc. \u00d4ng \u1ee7ng h\u1ed9 ti\u1ebfn tr\u00ecnh h\u00f2a b\u00ecnh theo gi\u1ea3i ph\u00e1p hai nh\u00e0 n\u01b0\u1edbc, nh\u01b0ng ho\u00e0i nghi v\u1ec1 c\u00e1c cam k\u1ebft c\u1ee7a Israel. C\u00f9ng n\u0103m, \u00f4ng tr\u1edf th\u00e0nh t\u1ed5ng th\u01b0 k\u00fd Fatah. N\u0103m 1995, \u00f4ng l\u1eadp Tanzim, c\u00e1nh v\u0169 trang c\u1ee7a Fatah, nh\u1eb1m \u0111\u1ed1i tr\u1ecdng v\u1edbi Hamas, nh\u00f3m v\u0169 trang v\u1eeba th\u00e0nh l\u1eadp c\u00f3 quan \u0111i\u1ec3m d\u00f9ng b\u1ea1o l\u1ef1c cho v\u1ea5n \u0111\u1ec1 Israel &#8211; Palestine.<\/p>\n<p>N\u0103m 1996, Barghouti \u0111\u01b0\u1ee3c b\u1ea7u l\u00e0m ngh\u1ecb s\u0129 H\u1ed9i \u0111\u1ed3ng L\u1eadp ph\u00e1p Palestine, c\u01a1 quan l\u1eadp ph\u00e1p c\u1ee7a Ch\u00ednh quy\u1ec1n Palestine. \u00d4ng \u0111\u01b0\u1ee3c nhi\u1ec1u th\u1ee7 l\u0129nh phe ph\u00e1i t\u00f4n tr\u1ecdng, th\u01b0\u1eddng xuy\u00ean li\u00ean h\u1ec7 c\u00e1c ch\u00ednh tr\u1ecb gia, quan ch\u1ee9c Israel theo \u0111\u01b0\u1eddng l\u1ed1i h\u00f2a b\u00ecnh.<\/p>\n<p>H\u00e8 n\u0103m 2000, sau khi h\u1ed9i ngh\u1ecb th\u01b0\u1ee3ng \u0111\u1ec9nh gi\u1eefa Israel v\u00e0 Palestine do t\u1ed5ng th\u1ed1ng M\u1ef9 Bill Clinton ch\u1ee7 tr\u00ec t\u1ea1i Tr\u1ea1i David th\u1ea5t b\u1ea1i, Barghouti m\u1ea5t ni\u1ec1m tin v\u00e0o ti\u1ebfn tr\u00ecnh h\u00f2a b\u00ecnh v\u00e0 cho r\u1eb1ng &#8220;intifada th\u1ee9 hai&#8221; s\u1ebd s\u1edbm x\u1ea3y ra. Th\u00e1ng 9 c\u00f9ng n\u0103m, d\u1ef1 \u0111o\u00e1n n\u00e0y th\u00e0nh hi\u1ec7n th\u1ef1c, khi l\u00e3nh \u0111\u1ea1o \u0111\u1ed1i l\u1eadp Israel Ariel Sharon \u0111\u1ebfn th\u0103m Jerusalem, khi\u1ebfn ng\u01b0\u1eddi Palestine ph\u1eabn n\u1ed9.<\/p>\n<p>L\u00e0 th\u1ee7 l\u0129nh Fatah v\u00e0 ch\u1ec9 huy Tanzim, Barghouti d\u1eabn \u0111\u1ea7u c\u00e1c cu\u1ed9c tu\u1ea7n h\u00e0nh \u0111\u1ebfn \u0111i\u1ec3m ki\u1ec3m so\u00e1t c\u1ee7a Israel v\u00e0 \u0111\u1ee5ng \u0111\u1ed9 v\u1edbi binh s\u0129 n\u01b0\u1edbc n\u00e0y. \u00d4ng kh\u00edch l\u1ec7 ng\u01b0\u1eddi Palestine b\u1eb1ng c\u00e1c b\u00e0i ph\u00e1t bi\u1ec3u, \u1ee7ng h\u1ed9 d\u00f9ng v\u0169 l\u1ef1c \u0111\u1ec3 bu\u1ed9c Israel r\u00fat kh\u1ecfi B\u1edd T\u00e2y v\u00e0 Gaza.<\/p>\n<p>Fatah xu\u1ea5t hi\u1ec7n th\u00eam m\u1ed9t c\u00e1nh v\u0169 trang l\u00e0 L\u1eef \u0111o\u00e0n al-Aqsa. Nh\u00f3m \u0111\u00e3 th\u1ef1c hi\u1ec7n c\u00e1c v\u1ee5 t\u1ea5n c\u00f4ng nh\u1eb1m v\u00e0o binh s\u0129 Israel, trong \u0111\u00f3 c\u00f3 \u0111\u00e1nh bom t\u1ef1 s\u00e1t khi\u1ebfn 30 ng\u01b0\u1eddi ch\u1ebft th\u00e1ng 3\/2002. Israel m\u1edf chi\u1ebfn d\u1ecbch \u0111\u00e1p tr\u1ea3, truy l\u00f9ng Barghouti, cho r\u1eb1ng \u00f4ng li\u00ean quan al-Aqsa.<\/p>\n<p>Binh s\u0129 Israel theo d\u00f5i \u0111i\u1ec7n tho\u1ea1i c\u1ee7a Barghouti v\u00e0 b\u1eaft \u00f4ng v\u00e0o th\u00e1ng 4\/2002. Barghouti b\u1ecb \u0111\u01b0a ra x\u00e9t x\u1eed v\u1edbi c\u00e1o bu\u1ed9c ch\u1ee7 m\u01b0u m\u1ed9t s\u1ed1 v\u1ee5 t\u1ea5n c\u00f4ng ch\u1ebft ng\u01b0\u1eddi v\u00e0 l\u0129nh 5 \u00e1n t\u00f9 chung th\u00e2n. \u00d4ng kh\u00f4ng b\u00e0o ch\u1eefa, ch\u1ec9 tuy\u00ean b\u1ed1 kh\u00f4ng c\u00f4ng nh\u1eadn t\u00ednh h\u1ee3p ph\u00e1p c\u1ee7a t\u00f2a \u00e1n.<\/p>\n<p>Trong th\u1eddi gian ng\u1ed3i t\u00f9, Barghouti ti\u1ebfp t\u1ee5c ho\u1ea1t \u0111\u1ed9ng ch\u00ednh tr\u1ecb, thuy\u1ebft ph\u1ee5c c\u00e1c nh\u00f3m v\u0169 trang Palestine d\u1eebng h\u00e0nh \u0111\u1ed9ng th\u00f9 \u0111\u1ecbch, khi\u1ebfn intifada l\u1ea7n hai t\u1ea1m l\u1eafng t\u1eeb th\u00e1ng 6\/2003 cho \u0111\u1ebfn khi Israel h\u1ea1 s\u00e1t th\u1ee7 l\u0129nh Hamas v\u00e0o th\u00e1ng 8 c\u00f9ng n\u0103m.<\/p>\n<p>N\u0103m 2006, Barghouti so\u1ea1n t\u00e0i li\u1ec7u trong \u0111\u00f3 th\u1ee7 l\u0129nh c\u00e1c phe ph\u00e1i Palestine \u0111ang ng\u1ed3i t\u00f9 \u1edf Israel c\u00f9ng k\u00eau g\u1ecdi th\u00e0nh l\u1eadp Nh\u00e0 n\u01b0\u1edbc Palestine theo bi\u00ean gi\u1edbi tr\u01b0\u1edbc n\u0103m 1967 v\u00e0 h\u1ed3i h\u01b0\u01a1ng ng\u01b0\u1eddi t\u1ecb n\u1ea1n Palestine. N\u0103m 2007, \u00f4ng gi\u00fap thi\u1ebft l\u1eadp Hi\u1ec7p \u0111\u1ecbnh Mecca h\u01b0\u1edbng \u0111\u1ebfn thi\u1ebft l\u1eadp ch\u00ednh ph\u1ee7 \u0111o\u00e0n k\u1ebft cho ng\u01b0\u1eddi Palestine.<\/p>\n<p>Qadoura Fares, m\u1ed9t c\u1ea5p ph\u00f3 trung th\u00e0nh c\u1ee7a Barghouti, n\u00f3i nhi\u1ec1u ch\u00ednh tr\u1ecb gia Palestine t\u1eeb l\u00e2u \u0111\u00e3 nh\u1eadn ra s\u1ee9c \u1ea3nh h\u01b0\u1edfng c\u1ee7a th\u1ee7 l\u0129nh Fatah. Khi bi\u1ebft Barghouti mu\u1ed1n tranh c\u1eed t\u1ed5ng th\u1ed1ng Palestine n\u0103m 2005 t\u1eeb trong t\u00f9, \u00f4ng Mahmoud Abbas, c\u0169ng thu\u1ed9c Fatah, \u0111\u00e3 nh\u1edd Fares thuy\u1ebft ph\u1ee5c \u0111\u1ed1i th\u1ee7 r\u00fat lui. Fares \u0111\u1ebfn g\u1eb7p Barghouti v\u00e0 hai ng\u01b0\u1eddi c\u00f3 cu\u1ed9c tr\u00f2 chuy\u1ec7n c\u0103ng th\u1eb3ng.<\/p>\n<p>&#8220;T\u00f4i n\u00f3i r\u1eb1ng &#8216;h\u00e3y t\u01b0\u1edfng t\u01b0\u1ee3ng r\u1eb1ng v\u00e0o ng\u00e0y 10\/1\/2005, ch\u00fang t\u00f4i c\u00f3 t\u1ed5ng th\u1ed1ng m\u1edbi l\u00e0 Marwan Barghouti v\u00e0 \u00f4ng b\u1ecb c\u00f4 l\u1eadp'&#8221;, Fares k\u1ec3 l\u1ea1i v\u1edbi <em>ABC<\/em>. &#8220;V\u1eady \u00f4ng c\u00f3 th\u1ec3 l\u00e0m g\u00ec cho ng\u01b0\u1eddi Palestine? Barghouti nh\u00ecn t\u00f4i v\u00e0o h\u1ecfi l\u1ea1i &#8216;th\u1ebf \u00f4ng Abbas c\u00f3 th\u1ec3 l\u00e0m \u0111\u01b0\u1ee3c g\u00ec?'&#8221;.<\/p>\n<p>Barghouti n\u00f3i v\u1edbi Fares r\u1eb1ng Israel s\u1ebd kh\u00f4ng nh\u01b0\u1ee3ng b\u1ed9 g\u00ec trong \u0111\u00e0m ph\u00e1n v\u1edbi \u00f4ng Abbas. Barghouti r\u00fat lui m\u1ed9t th\u00e1ng tr\u01b0\u1edbc ng\u00e0y b\u1ecf phi\u1ebfu. \u00d4ng Abbas \u0111\u1eafc c\u1eed v\u00e0 l\u00e0 T\u1ed5ng th\u1ed1ng Palestine \u0111\u1ebfn hi\u1ec7n t\u1ea1i.<\/p>\n<p>&#8220;\u00d4ng Marwan c\u00f3 t\u1ea7m nh\u00ecn v\u00e0 l\u00e0 m\u1ed9t ng\u01b0\u1eddi nghi\u00eam t\u00fac&#8221;, Fares cho bi\u1ebft, th\u00eam r\u1eb1ng \u00f4ng tin Barghouti s\u1ebd \u0111\u1eafc c\u1eed n\u1ebfu Palestine t\u1ed5 ch\u1ee9c b\u1ea7u c\u1eed l\u00fac n\u00e0y.<\/p>\n<figure data-size=\"true\" itemprop=\"associatedMedia image\" itemscope itemtype=\"http:\/\/schema.org\/ImageObject\"> <meta itemprop=\"url\" content=\"https:\/\/vcdn1-vnexpress.vnecdn.net\/2025\/10\/09\/2012-01-25T120000Z-1094939562-9432-1467-1760004103.jpg?w=0&#038;h=0&#038;q=100&#038;dpr=2&#038;fit=crop&#038;s=IXPBA0rm_dcmbKzXIx3bcg\"> <meta itemprop=\"width\" content=\"680\"> <meta itemprop=\"height\" content=\"455.31666666667\"> <meta itemprop=\"href\" content> <\/p>\n<div data-width=\"680\"><picture><source data-srcset=\"https:\/\/vcdn1-vnexpress.vnecdn.net\/2025\/10\/09\/2012-01-25T120000Z-1094939562-9432-1467-1760004103.jpg?w=680&#038;h=0&#038;q=100&#038;dpr=1&#038;fit=crop&#038;s=3btpe5-4VPtW9LuQhhcOVA 1x, https:\/\/vcdn1-vnexpress.vnecdn.net\/2025\/10\/09\/2012-01-25T120000Z-1094939562-9432-1467-1760004103.jpg?w=1020&#038;h=0&#038;q=100&#038;dpr=1&#038;fit=crop&#038;s=enSocnUoMxrMgFs6DzBTTQ 1.5x, https:\/\/vcdn1-vnexpress.vnecdn.net\/2025\/10\/09\/2012-01-25T120000Z-1094939562-9432-1467-1760004103.jpg?w=680&#038;h=0&#038;q=100&#038;dpr=2&#038;fit=crop&#038;s=2Zrumo9d_G4V3ApYXsfdWQ 2x\"><img decoding=\"async\" itemprop=\"contentUrl\" loading=\"lazy\" intrinsicsize=\"680x0\" alt=\"Th\u1ee7 l\u0129nh phong tr\u00e0o Fatah Marwan Barghouti (gi\u1eefa) \u0111\u01b0\u1ee3c \u00e1p gi\u1ea3i \u0111\u1ebfn t\u00f2a \u00e1n \u1edf Jerusalem h\u1ed3i th\u00e1ng 1\/2012. \u1ea2nh: Reuters\" src=\"https:\/\/vcdn1-vnexpress.vnecdn.net\/2025\/10\/09\/2012-01-25T120000Z-1094939562-9432-1467-1760004103.jpg?w=680&#038;h=0&#038;q=100&#038;dpr=1&#038;fit=crop&#038;s=3btpe5-4VPtW9LuQhhcOVA\" previous-src=\"https:\/\/vcdn1-vnexpress.vnecdn.net\/2025\/10\/09\/2012-01-25T120000Z-1094939562-9432-1467-1760004103.jpg?w=680&#038;h=0&#038;q=100&#038;dpr=1&#038;fit=crop&#038;s=3btpe5-4VPtW9LuQhhcOVA\"> <\/picture><\/div><figcaption itemprop=\"description\">\n<p>Th\u1ee7 l\u0129nh phong tr\u00e0o Fatah Marwan Barghouti (gi\u1eefa) \u0111\u01b0\u1ee3c \u00e1p gi\u1ea3i \u0111\u1ebfn t\u00f2a \u00e1n \u1edf Jerusalem h\u1ed3i th\u00e1ng 1\/2012. \u1ea2nh: <em>Reuters<\/em><\/p>\n<\/figcaption><\/figure>\n<p>Gi\u1edbi chuy\u00ean gia \u0111\u00e1nh gi\u00e1 Barghouti l\u00e0 th\u1ee7 l\u0129nh Palestine c\u00f3 t\u00ednh ch\u00ednh danh v\u01b0\u1ee3t xa t\u00ednh phe ph\u00e1i.<strong> <\/strong>Nh\u1eefng ng\u01b0\u1eddi \u1ee7ng h\u1ed9 Hamas, phe trung th\u00e0nh v\u1edbi Fatah \u0111\u1ec1u \u1ee7ng h\u1ed9 \u00f4ng, trong khi c\u01a1 quan an ninh Israel ph\u1ea3i d\u00e8 ch\u1eebng. M\u1ed9t s\u1ed1 ng\u01b0\u1eddi c\u00f2n v\u00ed Barghouti l\u00e0 &#8220;Nelson Mandela c\u1ee7a Palestine&#8221;, tin \u00f4ng c\u00f3 th\u1ec3 \u0111\u01b0a h\u1ecd \u0111\u1ebfn t\u1ef1 do.<\/p>\n<p>Truy\u1ec1n th\u00f4ng Israel cho bi\u1ebft Th\u1ee7 t\u01b0\u1edbng Benjamin Netanyahu ng\u00e0y 6\/10 \u0111\u00e3 cam k\u1ebft v\u1edbi B\u1ed9 tr\u01b0\u1edfng An ninh Ben Gvir r\u1eb1ng Barghouti s\u1ebd kh\u00f4ng c\u00f3 t\u00ean trong b\u1ea5t k\u1ef3 \u0111\u1ee3t trao \u0111\u1ed5i t\u00f9 nh\u00e2n n\u00e0o li\u00ean quan v\u1ea5n \u0111\u1ec1 Gaza.<\/p>\n<p>&#8220;V\u1edbi ng\u01b0\u1eddi Palestine, Barghouti l\u00e0 bi\u1ec3u t\u01b0\u1ee3ng kh\u00e1ng chi\u1ebfn. V\u1edbi ng\u01b0\u1eddi Israel, \u00f4ng l\u00e0 ng\u01b0\u1eddi &#8216;c\u00f3 \u0111\u00f4i tay v\u1ea5y m\u00e1u&#8217;. Do \u0111\u00f3, vi\u1ec7c Barghouti \u0111\u01b0\u1ee3c t\u1ef1 do v\u1eeba l\u00e0 r\u1ee7i ro, v\u1eeba l\u00e0 c\u01a1 h\u1ed9i&#8221;, Moises Salinas Fleitman, h\u1ecdc gi\u1ea3 v\u1ec1 xung \u0111\u1ed9t Israel &#8211; Palestine, hi\u1ec7u tr\u01b0\u1edfng \u0110\u1ea1i h\u1ecdc ORT Mexico, b\u00ecnh lu\u1eadn v\u1edbi <em>Times of Israel<\/em>.<\/p>\n<p><strong>Nh\u01b0 T\u00e2m <\/strong>(Theo <em>CNN, BBC, Britanica<\/em>)<\/p>\n<p><span id=\"article-end\"><\/span>     <\/p>",
        "protected": false
    },
    "excerpt": {
        "rendered": "<p>Trong s\u1ed1 t\u00f9 nh\u00e2n Hamas mu\u1ed1n Israel trao tr\u1ea3 c\u00f3 \u00f4ng Barghouti, th\u1ee7 l\u0129nh ch\u00ednh tr\u1ecb c\u00f3 th\u1ec3 thay \u0111\u1ed5i [&hellip;]<\/p>",
        "protected": false
    },
    "author": 5,
    "featured_media": 51278,
    "comment_status": "open",
    "ping_status": "open",
    "sticky": false,
    "template": "",
    "format": "standard",
    "meta": {
        "_acf_changed": false,
        "footnotes": ""
    },
    "categories": [
        95
    ],
    "tags": [],
    "class_list": [
        "post-51277",
        "post",
        "type-post",
        "status-publish",
        "format-standard",
        "has-post-thumbnail",
        "hentry",
        "category-tin-tuc-the-gioi-vi"
    ],
    "acf": [],
    "_links": {
        "self": [
            {
                "href": "https:\/\/hbbgroup.net\/en_us\/wp-json\/wp\/v2\/posts\/51277",
                "targetHints": {
                    "allow": [
                        "GET"
                    ]
                }
            }
        ],
        "collection": [
            {
                "href": "https:\/\/hbbgroup.net\/en_us\/wp-json\/wp\/v2\/posts"
            }
        ],
        "about": [
            {
                "href": "https:\/\/hbbgroup.net\/en_us\/wp-json\/wp\/v2\/types\/post"
            }
        ],
        "author": [
            {
                "embeddable": true,
                "href": "https:\/\/hbbgroup.net\/en_us\/wp-json\/wp\/v2\/users\/5"
            }
        ],
        "replies": [
            {
                "embeddable": true,
                "href": "https:\/\/hbbgroup.net\/en_us\/wp-json\/wp\/v2\/comments?post=51277"
            }
        ],
        "version-history": [
            {
                "count": 0,
                "href": "https:\/\/hbbgroup.net\/en_us\/wp-json\/wp\/v2\/posts\/51277\/revisions"
            }
        ],
        "wp:featuredmedia": [
            {
                "embeddable": true,
                "href": "https:\/\/hbbgroup.net\/en_us\/wp-json\/wp\/v2\/media\/51278"
            }
        ],
        "wp:attachment": [
            {
                "href": "https:\/\/hbbgroup.net\/en_us\/wp-json\/wp\/v2\/media?parent=51277"
            }
        ],
        "wp:term": [
            {
                "taxonomy": "category",
                "embeddable": true,
                "href": "https:\/\/hbbgroup.net\/en_us\/wp-json\/wp\/v2\/categories?post=51277"
            },
            {
                "taxonomy": "post_tag",
                "embeddable": true,
                "href": "https:\/\/hbbgroup.net\/en_us\/wp-json\/wp\/v2\/tags?post=51277"
            }
        ],
        "curies": [
            {
                "name": "wp",
                "href": "https:\/\/api.w.org\/{rel}",
                "templated": true
            }
        ]
    }
}